{"id":6232,"date":"2018-02-02T09:58:52","date_gmt":"2018-02-02T08:58:52","guid":{"rendered":"https:\/\/www.electroluxprofessional.com\/es\/?p=6232"},"modified":"2025-05-22T09:39:33","modified_gmt":"2025-05-22T09:39:33","slug":"nuevo-calculador-de-lavado-de-vajilla","status":"publish","type":"post","link":"https:\/\/www.electroluxprofessional.com\/es\/nuevo-calculador-de-lavado-de-vajilla\/","title":{"rendered":"Nuevo calculador de lavado de vajilla"},"content":{"rendered":"<p>[vc_row][vc_column][vc_column_text]Fieles a nuestro esp\u00edritu de innovaci\u00f3n y de adaptaci\u00f3n a las nuevas tecnolog\u00edas, Electrolux Professional ha dise\u00f1ado una nueva herramienta online que\u00a0 en s\u00f3lo 3 pasos nos ayudar\u00e1 a conocer las necesidades de nuestros clientes.<\/p>\n<p>La <a href=\"https:\/\/www.electroluxprofessional.com\/es\/equipamiento-cocinas-profesionales\/lavado-de-vajilla\/\"><strong>nueva calculadora de lavado de vajilla 1.. 2.. 3!<\/strong><\/a>\u00a0 nos dir\u00e1 en cuesti\u00f3n de segundos la\/s m\u00e1quina\/s que necesitamos para nuestro proyecto.[\/vc_column_text][vc_single_image image=&#8221;6234&#8243; img_size=&#8221;large&#8221;][vc_column_text]La encontrar\u00e1s en el men\u00fa de lavado de vajillas, al igual que otras herramientas online que hemos creado para <a href=\"https:\/\/www.electroluxprofessional.com\/commercial-kitchen-equipment\/speedelight-high-speed-cooking-solution\/speedelight-productivity-savings\/\">Speedelight<\/a>, <a href=\"https:\/\/www.electroluxprofessional.com\/es\/calcula-tu-ahorro-en-refrigeracion\/\">Refrigeraci\u00f3n<\/a> y el fant\u00e1stico\u00a0 <a href=\"https:\/\/www.electroluxprofessional.com\/es\/guia-seleccion-discos-de-corte\/\">Selector de Discos y Cuchillas de Corte<\/a>.[\/vc_column_text][\/vc_column][\/vc_row]<\/p>\n","protected":false},"excerpt":{"rendered":"<p>[vc_row][vc_column][vc_column_text]Fieles a nuestro esp\u00edritu de innovaci\u00f3n y de adaptaci\u00f3n a las nuevas tecnolog\u00edas, Electrolux Professional ha dise\u00f1ado una nueva herramienta online que\u00a0 en s\u00f3lo 3 pasos nos ayudar\u00e1 a conocer las necesidades de nuestros clientes. La nueva calculadora de lavado de vajilla 1.. 2.. 3!\u00a0 nos dir\u00e1 en cuesti\u00f3n de segundos la\/s m\u00e1quina\/s que necesitamos [&hellip;]<\/p>\n","protected":false},"author":3,"featured_media":6236,"comment_status":"closed","ping_status":"closed","sticky":false,"template":"","format":"standard","meta":{"footnotes":""},"categories":[333,86],"tags":[199,198,253],"class_list":["post-6232","post","type-post","status-publish","format-standard","has-post-thumbnail","hentry","category-cocina","category-noticias","tag-calculador","tag-configurador","tag-food-trends"],"acf":[],"yoast_head":"<!-- This site is optimized with the Yoast SEO plugin v23.4 - https:\/\/yoast.com\/wordpress\/plugins\/seo\/ -->\n<title>Nuevo calculador de lavado de vajilla - Electrolux Professional Espa\u00f1a<\/title>\n<meta name=\"description\" content=\"Con el nuevo calculador de Electrolux Professional, determina tus necesidades en 3 pasos y encuentra la\/s m\u00e1quina\/s adecuada\/s para tu proyecto.\" \/>\n<meta name=\"robots\" content=\"index, follow, max-snippet:-1, max-image-preview:large, max-video-preview:-1\" \/>\n<link rel=\"canonical\" href=\"https:\/\/www.electroluxprofessional.com\/es\/nuevo-calculador-de-lavado-de-vajilla\/\" \/>\n<meta property=\"og:locale\" content=\"es_ES\" \/>\n<meta property=\"og:type\" content=\"article\" \/>\n<meta property=\"og:title\" content=\"Nuevo calculador de lavado de vajilla - Electrolux Professional Espa\u00f1a\" \/>\n<meta property=\"og:description\" content=\"Con el nuevo calculador de Electrolux Professional, determina tus necesidades en 3 pasos y encuentra la\/s m\u00e1quina\/s adecuada\/s para tu proyecto.\" \/>\n<meta property=\"og:url\" content=\"https:\/\/www.electroluxprofessional.com\/es\/nuevo-calculador-de-lavado-de-vajilla\/\" \/>\n<meta property=\"og:site_name\" content=\"Electrolux Professional Espa\u00f1a\" \/>\n<meta property=\"article:published_time\" content=\"2018-02-02T08:58:52+00:00\" \/>\n<meta property=\"article:modified_time\" content=\"2025-05-22T09:39:33+00:00\" \/>\n<meta property=\"og:image\" content=\"https:\/\/www.electroluxprofessional.com\/es\/wp-content\/uploads\/2018\/02\/rack-type-calculador1.jpg\" \/>\n\t<meta property=\"og:image:width\" content=\"2000\" \/>\n\t<meta property=\"og:image:height\" content=\"1333\" \/>\n\t<meta property=\"og:image:type\" content=\"image\/jpeg\" \/>\n<meta name=\"author\" content=\"Javier\" \/>\n<meta name=\"twitter:card\" content=\"summary_large_image\" \/>\n<meta name=\"twitter:label1\" content=\"Escrito por\" \/>\n\t<meta name=\"twitter:data1\" content=\"Javier\" \/>\n\t<meta name=\"twitter:label2\" content=\"Tiempo de lectura\" \/>\n\t<meta name=\"twitter:data2\" content=\"1 minuto\" \/>\n<script type=\"application\/ld+json\" class=\"yoast-schema-graph\">{\"@context\":\"https:\/\/schema.org\",\"@graph\":[{\"@type\":\"WebPage\",\"@id\":\"https:\/\/www.electroluxprofessional.com\/es\/nuevo-calculador-de-lavado-de-vajilla\/\",\"url\":\"https:\/\/www.electroluxprofessional.com\/es\/nuevo-calculador-de-lavado-de-vajilla\/\",\"name\":\"Nuevo calculador de lavado de vajilla - Electrolux Professional Espa\u00f1a\",\"isPartOf\":{\"@id\":\"https:\/\/www.electroluxprofessional.com\/es\/#website\"},\"primaryImageOfPage\":{\"@id\":\"https:\/\/www.electroluxprofessional.com\/es\/nuevo-calculador-de-lavado-de-vajilla\/#primaryimage\"},\"image\":{\"@id\":\"https:\/\/www.electroluxprofessional.com\/es\/nuevo-calculador-de-lavado-de-vajilla\/#primaryimage\"},\"thumbnailUrl\":\"https:\/\/www.electroluxprofessional.com\/es\/wp-content\/uploads\/2018\/02\/rack-type-calculador1.jpg\",\"datePublished\":\"2018-02-02T08:58:52+00:00\",\"dateModified\":\"2025-05-22T09:39:33+00:00\",\"author\":{\"@id\":\"https:\/\/www.electroluxprofessional.com\/es\/#\/schema\/person\/a10bf5732b6064f2a58c2e9a0a5008fe\"},\"description\":\"Con el nuevo calculador de Electrolux Professional, determina tus necesidades en 3 pasos y encuentra la\/s m\u00e1quina\/s adecuada\/s para tu proyecto.\",\"breadcrumb\":{\"@id\":\"https:\/\/www.electroluxprofessional.com\/es\/nuevo-calculador-de-lavado-de-vajilla\/#breadcrumb\"},\"inLanguage\":\"es\",\"potentialAction\":[{\"@type\":\"ReadAction\",\"target\":[\"https:\/\/www.electroluxprofessional.com\/es\/nuevo-calculador-de-lavado-de-vajilla\/\"]}]},{\"@type\":\"ImageObject\",\"inLanguage\":\"es\",\"@id\":\"https:\/\/www.electroluxprofessional.com\/es\/nuevo-calculador-de-lavado-de-vajilla\/#primaryimage\",\"url\":\"https:\/\/www.electroluxprofessional.com\/es\/wp-content\/uploads\/2018\/02\/rack-type-calculador1.jpg\",\"contentUrl\":\"https:\/\/www.electroluxprofessional.com\/es\/wp-content\/uploads\/2018\/02\/rack-type-calculador1.jpg\",\"width\":2000,\"height\":1333,\"caption\":\"rack-type-calculador1\"},{\"@type\":\"BreadcrumbList\",\"@id\":\"https:\/\/www.electroluxprofessional.com\/es\/nuevo-calculador-de-lavado-de-vajilla\/#breadcrumb\",\"itemListElement\":[{\"@type\":\"ListItem\",\"position\":1,\"name\":\"Home\",\"item\":\"https:\/\/www.electroluxprofessional.com\/es\/\"},{\"@type\":\"ListItem\",\"position\":2,\"name\":\"Nuevo calculador de lavado de vajilla\"}]},{\"@type\":\"WebSite\",\"@id\":\"https:\/\/www.electroluxprofessional.com\/es\/#website\",\"url\":\"https:\/\/www.electroluxprofessional.com\/es\/\",\"name\":\"Electrolux Professional Espa\u00f1a\",\"description\":\"Equipamiento cocinas profesionales y lavander\u00edas comerciales. Excelencia en el suministro de soluciones profesionales.\",\"potentialAction\":[{\"@type\":\"SearchAction\",\"target\":{\"@type\":\"EntryPoint\",\"urlTemplate\":\"https:\/\/www.electroluxprofessional.com\/es\/?src={search_term_string}\"},\"query-input\":{\"@type\":\"PropertyValueSpecification\",\"valueRequired\":true,\"valueName\":\"search_term_string\"}}],\"inLanguage\":\"es\"},{\"@type\":\"Person\",\"@id\":\"https:\/\/www.electroluxprofessional.com\/es\/#\/schema\/person\/a10bf5732b6064f2a58c2e9a0a5008fe\",\"name\":\"Javier\",\"image\":{\"@type\":\"ImageObject\",\"inLanguage\":\"es\",\"@id\":\"https:\/\/www.electroluxprofessional.com\/es\/#\/schema\/person\/image\/\",\"url\":\"https:\/\/secure.gravatar.com\/avatar\/5b94b4e4c1a47ad78ca97167640b35f5?s=96&d=mm&r=g\",\"contentUrl\":\"https:\/\/secure.gravatar.com\/avatar\/5b94b4e4c1a47ad78ca97167640b35f5?s=96&d=mm&r=g\",\"caption\":\"Javier\"},\"url\":\"https:\/\/www.electroluxprofessional.com\/es\/author\/javier-millan\/\"}]}<\/script>\n<!-- \/ Yoast SEO plugin. -->","yoast_head_json":{"title":"Nuevo calculador de lavado de vajilla - Electrolux Professional Espa\u00f1a","description":"Con el nuevo calculador de Electrolux Professional, determina tus necesidades en 3 pasos y encuentra la\/s m\u00e1quina\/s adecuada\/s para tu proyecto.","robots":{"index":"index","follow":"follow","max-snippet":"max-snippet:-1","max-image-preview":"max-image-preview:large","max-video-preview":"max-video-preview:-1"},"canonical":"https:\/\/www.electroluxprofessional.com\/es\/nuevo-calculador-de-lavado-de-vajilla\/","og_locale":"es_ES","og_type":"article","og_title":"Nuevo calculador de lavado de vajilla - Electrolux Professional Espa\u00f1a","og_description":"Con el nuevo calculador de Electrolux Professional, determina tus necesidades en 3 pasos y encuentra la\/s m\u00e1quina\/s adecuada\/s para tu proyecto.","og_url":"https:\/\/www.electroluxprofessional.com\/es\/nuevo-calculador-de-lavado-de-vajilla\/","og_site_name":"Electrolux Professional Espa\u00f1a","article_published_time":"2018-02-02T08:58:52+00:00","article_modified_time":"2025-05-22T09:39:33+00:00","og_image":[{"width":2000,"height":1333,"url":"https:\/\/www.electroluxprofessional.com\/es\/wp-content\/uploads\/2018\/02\/rack-type-calculador1.jpg","type":"image\/jpeg"}],"author":"Javier","twitter_card":"summary_large_image","twitter_misc":{"Escrito por":"Javier","Tiempo de lectura":"1 minuto"},"schema":{"@context":"https:\/\/schema.org","@graph":[{"@type":"WebPage","@id":"https:\/\/www.electroluxprofessional.com\/es\/nuevo-calculador-de-lavado-de-vajilla\/","url":"https:\/\/www.electroluxprofessional.com\/es\/nuevo-calculador-de-lavado-de-vajilla\/","name":"Nuevo calculador de lavado de vajilla - Electrolux Professional Espa\u00f1a","isPartOf":{"@id":"https:\/\/www.electroluxprofessional.com\/es\/#website"},"primaryImageOfPage":{"@id":"https:\/\/www.electroluxprofessional.com\/es\/nuevo-calculador-de-lavado-de-vajilla\/#primaryimage"},"image":{"@id":"https:\/\/www.electroluxprofessional.com\/es\/nuevo-calculador-de-lavado-de-vajilla\/#primaryimage"},"thumbnailUrl":"https:\/\/www.electroluxprofessional.com\/es\/wp-content\/uploads\/2018\/02\/rack-type-calculador1.jpg","datePublished":"2018-02-02T08:58:52+00:00","dateModified":"2025-05-22T09:39:33+00:00","author":{"@id":"https:\/\/www.electroluxprofessional.com\/es\/#\/schema\/person\/a10bf5732b6064f2a58c2e9a0a5008fe"},"description":"Con el nuevo calculador de Electrolux Professional, determina tus necesidades en 3 pasos y encuentra la\/s m\u00e1quina\/s adecuada\/s para tu proyecto.","breadcrumb":{"@id":"https:\/\/www.electroluxprofessional.com\/es\/nuevo-calculador-de-lavado-de-vajilla\/#breadcrumb"},"inLanguage":"es","potentialAction":[{"@type":"ReadAction","target":["https:\/\/www.electroluxprofessional.com\/es\/nuevo-calculador-de-lavado-de-vajilla\/"]}]},{"@type":"ImageObject","inLanguage":"es","@id":"https:\/\/www.electroluxprofessional.com\/es\/nuevo-calculador-de-lavado-de-vajilla\/#primaryimage","url":"https:\/\/www.electroluxprofessional.com\/es\/wp-content\/uploads\/2018\/02\/rack-type-calculador1.jpg","contentUrl":"https:\/\/www.electroluxprofessional.com\/es\/wp-content\/uploads\/2018\/02\/rack-type-calculador1.jpg","width":2000,"height":1333,"caption":"rack-type-calculador1"},{"@type":"BreadcrumbList","@id":"https:\/\/www.electroluxprofessional.com\/es\/nuevo-calculador-de-lavado-de-vajilla\/#breadcrumb","itemListElement":[{"@type":"ListItem","position":1,"name":"Home","item":"https:\/\/www.electroluxprofessional.com\/es\/"},{"@type":"ListItem","position":2,"name":"Nuevo calculador de lavado de vajilla"}]},{"@type":"WebSite","@id":"https:\/\/www.electroluxprofessional.com\/es\/#website","url":"https:\/\/www.electroluxprofessional.com\/es\/","name":"Electrolux Professional Espa\u00f1a","description":"Equipamiento cocinas profesionales y lavander\u00edas comerciales. Excelencia en el suministro de soluciones profesionales.","potentialAction":[{"@type":"SearchAction","target":{"@type":"EntryPoint","urlTemplate":"https:\/\/www.electroluxprofessional.com\/es\/?src={search_term_string}"},"query-input":{"@type":"PropertyValueSpecification","valueRequired":true,"valueName":"search_term_string"}}],"inLanguage":"es"},{"@type":"Person","@id":"https:\/\/www.electroluxprofessional.com\/es\/#\/schema\/person\/a10bf5732b6064f2a58c2e9a0a5008fe","name":"Javier","image":{"@type":"ImageObject","inLanguage":"es","@id":"https:\/\/www.electroluxprofessional.com\/es\/#\/schema\/person\/image\/","url":"https:\/\/secure.gravatar.com\/avatar\/5b94b4e4c1a47ad78ca97167640b35f5?s=96&d=mm&r=g","contentUrl":"https:\/\/secure.gravatar.com\/avatar\/5b94b4e4c1a47ad78ca97167640b35f5?s=96&d=mm&r=g","caption":"Javier"},"url":"https:\/\/www.electroluxprofessional.com\/es\/author\/javier-millan\/"}]}},"_links":{"self":[{"href":"https:\/\/www.electroluxprofessional.com\/es\/wp-json\/wp\/v2\/posts\/6232"}],"collection":[{"href":"https:\/\/www.electroluxprofessional.com\/es\/wp-json\/wp\/v2\/posts"}],"about":[{"href":"https:\/\/www.electroluxprofessional.com\/es\/wp-json\/wp\/v2\/types\/post"}],"author":[{"embeddable":true,"href":"https:\/\/www.electroluxprofessional.com\/es\/wp-json\/wp\/v2\/users\/3"}],"replies":[{"embeddable":true,"href":"https:\/\/www.electroluxprofessional.com\/es\/wp-json\/wp\/v2\/comments?post=6232"}],"version-history":[{"count":7,"href":"https:\/\/www.electroluxprofessional.com\/es\/wp-json\/wp\/v2\/posts\/6232\/revisions"}],"predecessor-version":[{"id":16929,"href":"https:\/\/www.electroluxprofessional.com\/es\/wp-json\/wp\/v2\/posts\/6232\/revisions\/16929"}],"wp:featuredmedia":[{"embeddable":true,"href":"https:\/\/www.electroluxprofessional.com\/es\/wp-json\/wp\/v2\/media\/6236"}],"wp:attachment":[{"href":"https:\/\/www.electroluxprofessional.com\/es\/wp-json\/wp\/v2\/media?parent=6232"}],"wp:term":[{"taxonomy":"category","embeddable":true,"href":"https:\/\/www.electroluxprofessional.com\/es\/wp-json\/wp\/v2\/categories?post=6232"},{"taxonomy":"post_tag","embeddable":true,"href":"https:\/\/www.electroluxprofessional.com\/es\/wp-json\/wp\/v2\/tags?post=6232"}],"curies":[{"name":"wp","href":"https:\/\/api.w.org\/{rel}","templated":true}]}}