{"id":22441,"date":"2025-03-20T12:49:16","date_gmt":"2025-03-20T12:49:16","guid":{"rendered":"https:\/\/www.electroluxprofessional.com\/es\/?p=22441"},"modified":"2026-03-29T16:41:54","modified_gmt":"2026-03-29T16:41:54","slug":"ahorrar-agua-lavado-a-lavado","status":"publish","type":"post","link":"https:\/\/www.electroluxprofessional.com\/es\/ahorrar-agua-lavado-a-lavado\/","title":{"rendered":"Ahorrar agua lavado a lavado"},"content":{"rendered":"<p>[vc_row][vc_column][vc_column_text]Cada gota cuenta una historia. En lo alto de las monta\u00f1as, los glaciares han permanecido como guardianes silenciosos del tiempo, almacenando el agua dulce de la Tierra y alimentando discretamente r\u00edos que sustentan a millones de personas. Pero ahora estos gigantes de hielo est\u00e1n menguando, derriti\u00e9ndose a una velocidad alarmante. Las consecuencias son muy graves: las inundaciones, las sequ\u00edas y la subida del nivel del mar amenazan comunidades, ecosistemas e industrias que dependen de fuentes h\u00eddricas estables.<\/p>\n<p>Este a\u00f1o, en el <a href=\"https:\/\/www.un.org\/en\/observances\/water-day\" target=\"_blank\" rel=\"noopener\"><strong>D\u00eda Mundial del Agua 2025<\/strong><\/a>, el mundo se une bajo el lema &#8220;<strong><a href=\"https:\/\/www.climate.gov\/news-features\/understanding-climate\/climate-change-mountain-glaciers\" target=\"_blank\" rel=\"noopener\">Conservaci\u00f3n de los glaciares<\/a>&#8220;<\/strong>, una llamada a la acci\u00f3n para proteger estas reservas fundamentales de agua dulce. En el <strong>grupo Electrolux Professional<\/strong>, sabemos que este es un problema apremiante y estamos actuando para ayudar a las empresas a reducir su impacto medioambiental lavado a lavado.[\/vc_column_text][\/vc_column][\/vc_row][vc_row][vc_column][vc_empty_space height=&#8221;27px&#8221;][\/vc_column][\/vc_row][vc_row][vc_column][elx_heading text_color=&#8221;inherit&#8221;]Peque\u00f1os cambios con una gran diferencia[\/elx_heading][\/vc_column][\/vc_row][vc_row][vc_column width=&#8221;1\/2&#8243;][vc_column_text]Cambiamos para usar el gas R290 como principal refrigerante para limitar el impacto medioambiental de nuestros equipos y causar un efecto menos nocivo en sus componentes. El R290 tiene un potencial de calentamiento global (GWP) significativamente bajo, de solo 3, y un potencial de agotamiento de la capa de ozono (ODP) de cero, que lo convierte en la alternativa perfecta frente a los refrigerantes tradicionales.<\/p>\n<p>Adem\u00e1s, no hace falta combinar el R290 con otros compuestos qu\u00edmicos, lo que puede prolongar la vida \u00fatil de los productos. Este cambio nos ha permitido reducir un 99,98 % el CO<sub>2<\/sub> producido por nuestras <a href=\"https:\/\/www.electroluxprofessional.com\/es\/equipamiento-lavanderia-comercial\/lavadoras-secadoras-y-calandras-para-pequenas-empresas\/\" target=\"_blank\" rel=\"noopener\"><strong>secadoras con bomba de calor myPRO<\/strong><\/a>.[\/vc_column_text][\/vc_column][vc_column width=&#8221;1\/2&#8243;][vc_empty_space height=&#8221;25px&#8221;][vc_single_image image=&#8221;22439&#8243; img_size=&#8221;full&#8221;][\/vc_column][\/vc_row][vc_row][vc_column][vc_column_text]Tambi\u00e9n est\u00e1n dise\u00f1adas para durar el triple que los equipos dom\u00e9sticos, proporcionando resultados de calidad d\u00eda tras d\u00eda con la m\u00e1xima comodidad.[\/vc_column_text][\/vc_column][\/vc_row][vc_row][vc_column][vc_empty_space height=&#8221;27px&#8221;][\/vc_column][\/vc_row][vc_row][vc_column][elx_heading text_color=&#8221;inherit&#8221;]Ahorros sustanciales[\/elx_heading][\/vc_column][\/vc_row][vc_row][vc_column][vc_column_text]En el D\u00eda Mundial del Agua, es muy necesario destacar la importancia de ahorrar agua con los equipos de lavander\u00eda. Nuestras <a href=\"https:\/\/www.electroluxprofessional.com\/es\/equipamiento-lavanderia-comercial\/lavadoras-comerciales\/\" target=\"_blank\" rel=\"noopener\"><strong>lavadoras L\u00ednea 6000 con control ClarusVibe<\/strong><\/a> incorporan un programa Automatic Savings exclusivo, que garantiza el uso de solo el volumen de agua necesario para el peso de la carga.<\/p>\n<p>Adem\u00e1s, la tecnolog\u00eda inteligente Power Balance consigue la menor retenci\u00f3n de agua posible, con el consiguiente ahorro de tiempo y dinero en todo el proceso. Sumado a una velocidad de extracci\u00f3n de solo 450 G, una lavadora de la L\u00ednea 6000 consume tan solo 6 L de agua por kg de colada, m\u00e1s de la mitad que una m\u00e1quina de hace dos d\u00e9cadas.<\/p>\n<p>Nuestras <a href=\"https:\/\/www.electroluxprofessional.com\/es\/equipamiento-lavanderia-comercial\/lavadoras-de-barrera-sanitaria-linea-6000\/\" target=\"_blank\" rel=\"noopener\"><strong>lavadoras de barrera sanitaria L\u00ednea 6000<\/strong><\/a> tambi\u00e9n ofrecen a las empresas la posibilidad de reducir un 50 % el consumo de agua. Para ello hay que instalar en la lavadora de una segunda v\u00e1lvula de desag\u00fce que permite recuperar y reutilizar agua, optimizando el consumo total del proceso.[\/vc_column_text][\/vc_column][\/vc_row][vc_row][vc_column][vc_empty_space height=&#8221;27px&#8221;][\/vc_column][\/vc_row][vc_row][vc_column][elx_heading text_color=&#8221;inherit&#8221;]Detergentes ecol\u00f3gicos[\/elx_heading][\/vc_column][\/vc_row][vc_row][vc_column width=&#8221;1\/2&#8243;][vc_empty_space height=&#8221;25px&#8221;][vc_single_image image=&#8221;22440&#8243; img_size=&#8221;full&#8221;][\/vc_column][vc_column width=&#8221;1\/2&#8243;][vc_empty_space height=&#8221;25px&#8221;][vc_column_text]Tambi\u00e9n nos centramos en la transici\u00f3n a los detergentes ecol\u00f3gicos, que en la actualidad representan la elecci\u00f3n natural para limpiar todo tipo de prendas y tejidos. Nuestros <a href=\"https:\/\/www.electroluxprofessional.com\/es\/accesorios-y-consumibles\/linea-6000-detergentes-ecologicos\/\" target=\"_blank\" rel=\"noopener\"><strong>detergentes L\u00ednea 6000 gama Eco<\/strong><\/a> se han desarrollado para ofrecer calidad, seguridad y efectividad elevadas a lo largo del proceso de lavado, garantizando un bajo impacto medioambiental m\u00ednimo.<\/p>\n<p>Con certificado Ecolabel, dermatol\u00f3gicamente probados e hipoalerg\u00e9nicos, nuestros detergentes son respetuosos con el medio ambiente y aseguran un funcionamiento comercial eficaz y rentable.[\/vc_column_text][\/vc_column][\/vc_row][vc_row][vc_column][vc_empty_space height=&#8221;27px&#8221;][\/vc_column][\/vc_row][vc_row][vc_column][elx_heading text_color=&#8221;inherit&#8221;]Nuestro compromiso con un futuro m\u00e1s sostenible[\/elx_heading][\/vc_column][\/vc_row][vc_row][vc_column][vc_column_text]En el grupo Electrolux Professional creemos que cada acci\u00f3n cuenta. Con la continua innovaci\u00f3n y adopci\u00f3n de soluciones sostenibles, capacitamos a las empresas para minimizar su huella medioambiental a la vez que mantienen la m\u00e1xima eficiencia.<\/p>\n<p>Al celebrar el <strong>D\u00eda Mundial del Agua 2025<\/strong>, respaldamos a quienes preservan los glaciares, reducen las emisiones de carbono y conservan el recurso m\u00e1s preciado del planeta. Porque cuando ahorramos agua no solo recortamos costes, tambi\u00e9n <strong>protegemos el futuro.<\/strong><\/p>\n<p>No lo olvides la pr\u00f3xima vez que inicies un ciclo de lavado: <strong>cada gota tiene una historia. <\/strong><strong>Asegur\u00e9monos de que sea una historia de sostenibilidad.<\/strong>[\/vc_column_text][\/vc_column][\/vc_row]<\/p>\n","protected":false},"excerpt":{"rendered":"<p>[vc_row][vc_column][vc_column_text]Cada gota cuenta una historia. En lo alto de las monta\u00f1as, los glaciares han permanecido como guardianes silenciosos del tiempo, almacenando el agua dulce de la Tierra y alimentando discretamente r\u00edos que sustentan a millones de personas. Pero ahora estos gigantes de hielo est\u00e1n menguando, derriti\u00e9ndose a una velocidad alarmante. Las consecuencias son muy graves: [&hellip;]<\/p>\n","protected":false},"author":368,"featured_media":22437,"comment_status":"closed","ping_status":"closed","sticky":false,"template":"","format":"standard","meta":{"footnotes":""},"categories":[349,331,86,58,351],"tags":[],"class_list":["post-22441","post","type-post","status-publish","format-standard","has-post-thumbnail","hentry","category-innovacion","category-lavanderia","category-noticias","category-sostenibilidad","category-tendencias"],"acf":[],"yoast_head":"<!-- This site is optimized with the Yoast SEO plugin v23.4 - https:\/\/yoast.com\/wordpress\/plugins\/seo\/ -->\n<title>Ahorrar agua: soluciones innovadoras para el lavado | Electrolux Professional<\/title>\n<meta name=\"description\" content=\"Este D\u00eda Mundial del Agua, el mundo se une para la &quot;Conservaci\u00f3n de los Glaciares&quot;. Electrolux Professional se compromete a ayudar a reducir el impacto sobre estas reservas cr\u00edticas de agua dulce mediante tecnolog\u00eda avanzada de lavado.\" \/>\n<meta name=\"robots\" content=\"index, follow, max-snippet:-1, max-image-preview:large, max-video-preview:-1\" \/>\n<link rel=\"canonical\" href=\"https:\/\/www.electroluxprofessional.com\/es\/ahorrar-agua-lavado-a-lavado\/\" \/>\n<meta property=\"og:locale\" content=\"es_ES\" \/>\n<meta property=\"og:type\" content=\"article\" \/>\n<meta property=\"og:title\" content=\"Ahorrar agua: soluciones innovadoras para el lavado | Electrolux Professional\" \/>\n<meta property=\"og:description\" content=\"Este D\u00eda Mundial del Agua, el mundo se une para la &quot;Conservaci\u00f3n de los Glaciares&quot;. Electrolux Professional se compromete a ayudar a reducir el impacto sobre estas reservas cr\u00edticas de agua dulce mediante tecnolog\u00eda avanzada de lavado.\" \/>\n<meta property=\"og:url\" content=\"https:\/\/www.electroluxprofessional.com\/es\/ahorrar-agua-lavado-a-lavado\/\" \/>\n<meta property=\"og:site_name\" content=\"Electrolux Professional Espa\u00f1a\" \/>\n<meta property=\"article:published_time\" content=\"2025-03-20T12:49:16+00:00\" \/>\n<meta property=\"article:modified_time\" content=\"2026-03-29T16:41:54+00:00\" \/>\n<meta property=\"og:image\" content=\"https:\/\/www.electroluxprofessional.com\/es\/wp-content\/uploads\/2025\/04\/World-Water-Day-blog_banner-Pc.jpg\" \/>\n\t<meta property=\"og:image:width\" content=\"1730\" \/>\n\t<meta property=\"og:image:height\" content=\"350\" \/>\n\t<meta property=\"og:image:type\" content=\"image\/jpeg\" \/>\n<meta name=\"author\" content=\"Roc\u00edo Matesanz\" \/>\n<meta name=\"twitter:card\" content=\"summary_large_image\" \/>\n<meta name=\"twitter:label1\" content=\"Escrito por\" \/>\n\t<meta name=\"twitter:data1\" content=\"Roc\u00edo Matesanz\" \/>\n\t<meta name=\"twitter:label2\" content=\"Tiempo de lectura\" \/>\n\t<meta name=\"twitter:data2\" content=\"4 minutos\" \/>\n<script type=\"application\/ld+json\" class=\"yoast-schema-graph\">{\"@context\":\"https:\/\/schema.org\",\"@graph\":[{\"@type\":\"WebPage\",\"@id\":\"https:\/\/www.electroluxprofessional.com\/es\/ahorrar-agua-lavado-a-lavado\/\",\"url\":\"https:\/\/www.electroluxprofessional.com\/es\/ahorrar-agua-lavado-a-lavado\/\",\"name\":\"Ahorrar agua: soluciones innovadoras para el lavado | Electrolux Professional\",\"isPartOf\":{\"@id\":\"https:\/\/www.electroluxprofessional.com\/es\/#website\"},\"primaryImageOfPage\":{\"@id\":\"https:\/\/www.electroluxprofessional.com\/es\/ahorrar-agua-lavado-a-lavado\/#primaryimage\"},\"image\":{\"@id\":\"https:\/\/www.electroluxprofessional.com\/es\/ahorrar-agua-lavado-a-lavado\/#primaryimage\"},\"thumbnailUrl\":\"https:\/\/www.electroluxprofessional.com\/es\/wp-content\/uploads\/2025\/04\/World-Water-Day-blog_banner-Pc.jpg\",\"datePublished\":\"2025-03-20T12:49:16+00:00\",\"dateModified\":\"2026-03-29T16:41:54+00:00\",\"author\":{\"@id\":\"https:\/\/www.electroluxprofessional.com\/es\/#\/schema\/person\/cdd0f2d3586c1795addbdc001dfafdc3\"},\"description\":\"Este D\u00eda Mundial del Agua, el mundo se une para la \\\"Conservaci\u00f3n de los Glaciares\\\". Electrolux Professional se compromete a ayudar a reducir el impacto sobre estas reservas cr\u00edticas de agua dulce mediante tecnolog\u00eda avanzada de lavado.\",\"breadcrumb\":{\"@id\":\"https:\/\/www.electroluxprofessional.com\/es\/ahorrar-agua-lavado-a-lavado\/#breadcrumb\"},\"inLanguage\":\"es\",\"potentialAction\":[{\"@type\":\"ReadAction\",\"target\":[\"https:\/\/www.electroluxprofessional.com\/es\/ahorrar-agua-lavado-a-lavado\/\"]}]},{\"@type\":\"ImageObject\",\"inLanguage\":\"es\",\"@id\":\"https:\/\/www.electroluxprofessional.com\/es\/ahorrar-agua-lavado-a-lavado\/#primaryimage\",\"url\":\"https:\/\/www.electroluxprofessional.com\/es\/wp-content\/uploads\/2025\/04\/World-Water-Day-blog_banner-Pc.jpg\",\"contentUrl\":\"https:\/\/www.electroluxprofessional.com\/es\/wp-content\/uploads\/2025\/04\/World-Water-Day-blog_banner-Pc.jpg\",\"width\":1730,\"height\":350},{\"@type\":\"BreadcrumbList\",\"@id\":\"https:\/\/www.electroluxprofessional.com\/es\/ahorrar-agua-lavado-a-lavado\/#breadcrumb\",\"itemListElement\":[{\"@type\":\"ListItem\",\"position\":1,\"name\":\"Home\",\"item\":\"https:\/\/www.electroluxprofessional.com\/es\/\"},{\"@type\":\"ListItem\",\"position\":2,\"name\":\"Ahorrar agua lavado a lavado\"}]},{\"@type\":\"WebSite\",\"@id\":\"https:\/\/www.electroluxprofessional.com\/es\/#website\",\"url\":\"https:\/\/www.electroluxprofessional.com\/es\/\",\"name\":\"Electrolux Professional Espa\u00f1a\",\"description\":\"Equipamiento cocinas profesionales y lavander\u00edas comerciales. Excelencia en el suministro de soluciones profesionales.\",\"potentialAction\":[{\"@type\":\"SearchAction\",\"target\":{\"@type\":\"EntryPoint\",\"urlTemplate\":\"https:\/\/www.electroluxprofessional.com\/es\/?src={search_term_string}\"},\"query-input\":{\"@type\":\"PropertyValueSpecification\",\"valueRequired\":true,\"valueName\":\"search_term_string\"}}],\"inLanguage\":\"es\"},{\"@type\":\"Person\",\"@id\":\"https:\/\/www.electroluxprofessional.com\/es\/#\/schema\/person\/cdd0f2d3586c1795addbdc001dfafdc3\",\"name\":\"Roc\u00edo Matesanz\",\"image\":{\"@type\":\"ImageObject\",\"inLanguage\":\"es\",\"@id\":\"https:\/\/www.electroluxprofessional.com\/es\/#\/schema\/person\/image\/\",\"url\":\"https:\/\/secure.gravatar.com\/avatar\/6a26d720fea5bd7797bcac970c7fb7b0?s=96&d=mm&r=g\",\"contentUrl\":\"https:\/\/secure.gravatar.com\/avatar\/6a26d720fea5bd7797bcac970c7fb7b0?s=96&d=mm&r=g\",\"caption\":\"Roc\u00edo Matesanz\"},\"url\":\"https:\/\/www.electroluxprofessional.com\/es\/author\/rocio-matesanz\/\"}]}<\/script>\n<!-- \/ Yoast SEO plugin. -->","yoast_head_json":{"title":"Ahorrar agua: soluciones innovadoras para el lavado | Electrolux Professional","description":"Este D\u00eda Mundial del Agua, el mundo se une para la \"Conservaci\u00f3n de los Glaciares\". Electrolux Professional se compromete a ayudar a reducir el impacto sobre estas reservas cr\u00edticas de agua dulce mediante tecnolog\u00eda avanzada de lavado.","robots":{"index":"index","follow":"follow","max-snippet":"max-snippet:-1","max-image-preview":"max-image-preview:large","max-video-preview":"max-video-preview:-1"},"canonical":"https:\/\/www.electroluxprofessional.com\/es\/ahorrar-agua-lavado-a-lavado\/","og_locale":"es_ES","og_type":"article","og_title":"Ahorrar agua: soluciones innovadoras para el lavado | Electrolux Professional","og_description":"Este D\u00eda Mundial del Agua, el mundo se une para la \"Conservaci\u00f3n de los Glaciares\". Electrolux Professional se compromete a ayudar a reducir el impacto sobre estas reservas cr\u00edticas de agua dulce mediante tecnolog\u00eda avanzada de lavado.","og_url":"https:\/\/www.electroluxprofessional.com\/es\/ahorrar-agua-lavado-a-lavado\/","og_site_name":"Electrolux Professional Espa\u00f1a","article_published_time":"2025-03-20T12:49:16+00:00","article_modified_time":"2026-03-29T16:41:54+00:00","og_image":[{"width":1730,"height":350,"url":"https:\/\/www.electroluxprofessional.com\/es\/wp-content\/uploads\/2025\/04\/World-Water-Day-blog_banner-Pc.jpg","type":"image\/jpeg"}],"author":"Roc\u00edo Matesanz","twitter_card":"summary_large_image","twitter_misc":{"Escrito por":"Roc\u00edo Matesanz","Tiempo de lectura":"4 minutos"},"schema":{"@context":"https:\/\/schema.org","@graph":[{"@type":"WebPage","@id":"https:\/\/www.electroluxprofessional.com\/es\/ahorrar-agua-lavado-a-lavado\/","url":"https:\/\/www.electroluxprofessional.com\/es\/ahorrar-agua-lavado-a-lavado\/","name":"Ahorrar agua: soluciones innovadoras para el lavado | Electrolux Professional","isPartOf":{"@id":"https:\/\/www.electroluxprofessional.com\/es\/#website"},"primaryImageOfPage":{"@id":"https:\/\/www.electroluxprofessional.com\/es\/ahorrar-agua-lavado-a-lavado\/#primaryimage"},"image":{"@id":"https:\/\/www.electroluxprofessional.com\/es\/ahorrar-agua-lavado-a-lavado\/#primaryimage"},"thumbnailUrl":"https:\/\/www.electroluxprofessional.com\/es\/wp-content\/uploads\/2025\/04\/World-Water-Day-blog_banner-Pc.jpg","datePublished":"2025-03-20T12:49:16+00:00","dateModified":"2026-03-29T16:41:54+00:00","author":{"@id":"https:\/\/www.electroluxprofessional.com\/es\/#\/schema\/person\/cdd0f2d3586c1795addbdc001dfafdc3"},"description":"Este D\u00eda Mundial del Agua, el mundo se une para la \"Conservaci\u00f3n de los Glaciares\". Electrolux Professional se compromete a ayudar a reducir el impacto sobre estas reservas cr\u00edticas de agua dulce mediante tecnolog\u00eda avanzada de lavado.","breadcrumb":{"@id":"https:\/\/www.electroluxprofessional.com\/es\/ahorrar-agua-lavado-a-lavado\/#breadcrumb"},"inLanguage":"es","potentialAction":[{"@type":"ReadAction","target":["https:\/\/www.electroluxprofessional.com\/es\/ahorrar-agua-lavado-a-lavado\/"]}]},{"@type":"ImageObject","inLanguage":"es","@id":"https:\/\/www.electroluxprofessional.com\/es\/ahorrar-agua-lavado-a-lavado\/#primaryimage","url":"https:\/\/www.electroluxprofessional.com\/es\/wp-content\/uploads\/2025\/04\/World-Water-Day-blog_banner-Pc.jpg","contentUrl":"https:\/\/www.electroluxprofessional.com\/es\/wp-content\/uploads\/2025\/04\/World-Water-Day-blog_banner-Pc.jpg","width":1730,"height":350},{"@type":"BreadcrumbList","@id":"https:\/\/www.electroluxprofessional.com\/es\/ahorrar-agua-lavado-a-lavado\/#breadcrumb","itemListElement":[{"@type":"ListItem","position":1,"name":"Home","item":"https:\/\/www.electroluxprofessional.com\/es\/"},{"@type":"ListItem","position":2,"name":"Ahorrar agua lavado a lavado"}]},{"@type":"WebSite","@id":"https:\/\/www.electroluxprofessional.com\/es\/#website","url":"https:\/\/www.electroluxprofessional.com\/es\/","name":"Electrolux Professional Espa\u00f1a","description":"Equipamiento cocinas profesionales y lavander\u00edas comerciales. Excelencia en el suministro de soluciones profesionales.","potentialAction":[{"@type":"SearchAction","target":{"@type":"EntryPoint","urlTemplate":"https:\/\/www.electroluxprofessional.com\/es\/?src={search_term_string}"},"query-input":{"@type":"PropertyValueSpecification","valueRequired":true,"valueName":"search_term_string"}}],"inLanguage":"es"},{"@type":"Person","@id":"https:\/\/www.electroluxprofessional.com\/es\/#\/schema\/person\/cdd0f2d3586c1795addbdc001dfafdc3","name":"Roc\u00edo Matesanz","image":{"@type":"ImageObject","inLanguage":"es","@id":"https:\/\/www.electroluxprofessional.com\/es\/#\/schema\/person\/image\/","url":"https:\/\/secure.gravatar.com\/avatar\/6a26d720fea5bd7797bcac970c7fb7b0?s=96&d=mm&r=g","contentUrl":"https:\/\/secure.gravatar.com\/avatar\/6a26d720fea5bd7797bcac970c7fb7b0?s=96&d=mm&r=g","caption":"Roc\u00edo Matesanz"},"url":"https:\/\/www.electroluxprofessional.com\/es\/author\/rocio-matesanz\/"}]}},"_links":{"self":[{"href":"https:\/\/www.electroluxprofessional.com\/es\/wp-json\/wp\/v2\/posts\/22441"}],"collection":[{"href":"https:\/\/www.electroluxprofessional.com\/es\/wp-json\/wp\/v2\/posts"}],"about":[{"href":"https:\/\/www.electroluxprofessional.com\/es\/wp-json\/wp\/v2\/types\/post"}],"author":[{"embeddable":true,"href":"https:\/\/www.electroluxprofessional.com\/es\/wp-json\/wp\/v2\/users\/368"}],"replies":[{"embeddable":true,"href":"https:\/\/www.electroluxprofessional.com\/es\/wp-json\/wp\/v2\/comments?post=22441"}],"version-history":[{"count":3,"href":"https:\/\/www.electroluxprofessional.com\/es\/wp-json\/wp\/v2\/posts\/22441\/revisions"}],"predecessor-version":[{"id":22467,"href":"https:\/\/www.electroluxprofessional.com\/es\/wp-json\/wp\/v2\/posts\/22441\/revisions\/22467"}],"wp:featuredmedia":[{"embeddable":true,"href":"https:\/\/www.electroluxprofessional.com\/es\/wp-json\/wp\/v2\/media\/22437"}],"wp:attachment":[{"href":"https:\/\/www.electroluxprofessional.com\/es\/wp-json\/wp\/v2\/media?parent=22441"}],"wp:term":[{"taxonomy":"category","embeddable":true,"href":"https:\/\/www.electroluxprofessional.com\/es\/wp-json\/wp\/v2\/categories?post=22441"},{"taxonomy":"post_tag","embeddable":true,"href":"https:\/\/www.electroluxprofessional.com\/es\/wp-json\/wp\/v2\/tags?post=22441"}],"curies":[{"name":"wp","href":"https:\/\/api.w.org\/{rel}","templated":true}]}}