{"id":17651,"date":"2023-03-31T06:35:43","date_gmt":"2023-03-31T06:35:43","guid":{"rendered":"https:\/\/www.electroluxprofessional.com\/es\/?p=17651"},"modified":"2026-03-29T16:48:28","modified_gmt":"2026-03-29T16:48:28","slug":"certifcacion-plata-de-ecovadis-grupo-electrolux-professional","status":"publish","type":"post","link":"https:\/\/www.electroluxprofessional.com\/es\/certifcacion-plata-de-ecovadis-grupo-electrolux-professional\/","title":{"rendered":"EcoVadis califica con la certificaci\u00f3n plata al Grupo Electrolux Professional"},"content":{"rendered":"<p>[vc_row][vc_column][vc_column_text]<strong>El Grupo Electrolux Professional ha recibido la certificaci\u00f3n de calificaci\u00f3n plata de EcoVadis, una plataforma global que eval\u00faa el grado de sostenibilidad de las empresas.<\/strong> <strong>La certificaci\u00f3n de EcoVadis nos permite ser un proveedor preferente para clientes de perfil alto, que exigen cada vez m\u00e1s informes de sostenibilidad en sus procesos de adquisici\u00f3n.<\/strong><\/p>\n<blockquote><p>\u201cAl facilitar informes de sostenibilidad mediante la plataforma EcoVadis, el Grupo responde a las demandas de prestigiosas cadenas clientes en el \u00e1mbito de la hosteler\u00eda\u201d, <strong>afirma Swapnil S Choudhari, Vicepresidente de Sostenibilidad y Calidad del Grupo.<\/strong> &#8220;Hoy en d\u00eda, el proceso de contrataci\u00f3n incluye a menudo un gran esfuerzo administrativo para compartir los datos y la informaci\u00f3n sobre sostenibilidad solicitados. Con esta plataforma podremos ofrecer un proceso de suministro m\u00e1s \u00e1gil y simplificado, a la vez que protegemos nuestra posici\u00f3n como socio suministrador preferente.&#8221;<\/p><\/blockquote>\n<p>[\/vc_column_text][vc_empty_space][vc_column_text]Las pol\u00edticas, iniciativas, objetivos y datos de sostenibilidad del Grupo Electrolux Professional fueron procesados y analizados por expertos internacionales de EcoVadis, y comparados con los est\u00e1ndares internacionales de desarrollo sostenible, garantizando una evaluaci\u00f3n fiable e independiente por parte de terceros. EcoVadis ha evaluado las pol\u00edticas corporativas, iniciativas y logros de m\u00e1s de 100.000 empresas de todo el planeta en cuatro \u00e1reas: Medio Ambiente, Derechos Humanos laborales, \u00c9tica y Contrataci\u00f3n Sostenible.[\/vc_column_text][\/vc_column][\/vc_row][vc_row][vc_column][vc_empty_space][vc_column_text]<\/p>\n<h4 style=\"text-align: center;\"><a href=\"https:\/\/www.electroluxprofessional.com\/wp-content\/uploads\/2023\/03\/ELECTROLUX_PROFESSIONAL_AB_GROUP_EcoVadis_Rating_Certificate_2023_03_06.pdf\">Descarga el certificado de calificaci\u00f3n EcoVadis<\/a><\/h4>\n<p>[\/vc_column_text][vc_empty_space][\/vc_column][\/vc_row][vc_row][vc_column][vc_column_text]<strong>EcoVadis <\/strong>es un proveedor de calificaciones de sostenibilidad empresarial, inteligencia y herramientas colaborativas de mejora del rendimiento para cadenas de suministro globales.[\/vc_column_text][\/vc_column][\/vc_row][vc_row][vc_column][vc_column_text]<strong>Para obtener m\u00e1s informaci\u00f3n, ponte en contacto con <\/strong>Jacob Broberg, Chief Communication &amp; Investor Relations Officer +46 70 190 00 33[\/vc_column_text][\/vc_column][\/vc_row]<\/p>\n","protected":false},"excerpt":{"rendered":"<p>[vc_row][vc_column][vc_column_text]El Grupo Electrolux Professional ha recibido la certificaci\u00f3n de calificaci\u00f3n plata de EcoVadis, una plataforma global que eval\u00faa el grado de sostenibilidad de las empresas. La certificaci\u00f3n de EcoVadis nos permite ser un proveedor preferente para clientes de perfil alto, que exigen cada vez m\u00e1s informes de sostenibilidad en sus procesos de adquisici\u00f3n. \u201cAl facilitar [&hellip;]<\/p>\n","protected":false},"author":300,"featured_media":17650,"comment_status":"open","ping_status":"closed","sticky":false,"template":"","format":"standard","meta":{"footnotes":""},"categories":[87,349,86,89,58],"tags":[],"class_list":["post-17651","post","type-post","status-publish","format-standard","has-post-thumbnail","hentry","category-eventos","category-innovacion","category-noticias","category-premios","category-sostenibilidad"],"acf":[],"yoast_head":"<!-- This site is optimized with the Yoast SEO plugin v23.4 - https:\/\/yoast.com\/wordpress\/plugins\/seo\/ -->\n<title>Certificaci\u00f3n EcoVadis Plata: compromiso sostenible | Electrolux Professional<\/title>\n<meta name=\"description\" content=\"El Grupo Electrolux Professional ha recibido la certificaci\u00f3n de calificaci\u00f3n Plata de EcoVadis por su compromiso con la sostenibilidad. Esta certificaci\u00f3n abarca nuestras pol\u00edticas, iniciativas, objetivos y datos corporativos.\" \/>\n<meta name=\"robots\" content=\"index, follow, max-snippet:-1, max-image-preview:large, max-video-preview:-1\" \/>\n<link rel=\"canonical\" href=\"https:\/\/www.electroluxprofessional.com\/es\/certifcacion-plata-de-ecovadis-grupo-electrolux-professional\/\" \/>\n<meta property=\"og:locale\" content=\"es_ES\" \/>\n<meta property=\"og:type\" content=\"article\" \/>\n<meta property=\"og:title\" content=\"Certificaci\u00f3n EcoVadis Plata: compromiso sostenible | Electrolux Professional\" \/>\n<meta property=\"og:description\" content=\"El Grupo Electrolux Professional ha recibido la certificaci\u00f3n de calificaci\u00f3n Plata de EcoVadis por su compromiso con la sostenibilidad. Esta certificaci\u00f3n abarca nuestras pol\u00edticas, iniciativas, objetivos y datos corporativos.\" \/>\n<meta property=\"og:url\" content=\"https:\/\/www.electroluxprofessional.com\/es\/certifcacion-plata-de-ecovadis-grupo-electrolux-professional\/\" \/>\n<meta property=\"og:site_name\" content=\"Electrolux Professional Espa\u00f1a\" \/>\n<meta property=\"article:published_time\" content=\"2023-03-31T06:35:43+00:00\" \/>\n<meta property=\"article:modified_time\" content=\"2026-03-29T16:48:28+00:00\" \/>\n<meta property=\"og:image\" content=\"https:\/\/www.electroluxprofessional.com\/es\/wp-content\/uploads\/2023\/03\/ecovadis-silver-award-1.jpg\" \/>\n\t<meta property=\"og:image:width\" content=\"1903\" \/>\n\t<meta property=\"og:image:height\" content=\"712\" \/>\n\t<meta property=\"og:image:type\" content=\"image\/jpeg\" \/>\n<meta name=\"author\" content=\"Silvia Escobar Fern\u00e1ndez\" \/>\n<meta name=\"twitter:card\" content=\"summary_large_image\" \/>\n<meta name=\"twitter:label1\" content=\"Escrito por\" \/>\n\t<meta name=\"twitter:data1\" content=\"Silvia Escobar Fern\u00e1ndez\" \/>\n\t<meta name=\"twitter:label2\" content=\"Tiempo de lectura\" \/>\n\t<meta name=\"twitter:data2\" content=\"1 minuto\" \/>\n<script type=\"application\/ld+json\" class=\"yoast-schema-graph\">{\"@context\":\"https:\/\/schema.org\",\"@graph\":[{\"@type\":\"WebPage\",\"@id\":\"https:\/\/www.electroluxprofessional.com\/es\/certifcacion-plata-de-ecovadis-grupo-electrolux-professional\/\",\"url\":\"https:\/\/www.electroluxprofessional.com\/es\/certifcacion-plata-de-ecovadis-grupo-electrolux-professional\/\",\"name\":\"Certificaci\u00f3n EcoVadis Plata: compromiso sostenible | Electrolux Professional\",\"isPartOf\":{\"@id\":\"https:\/\/www.electroluxprofessional.com\/es\/#website\"},\"primaryImageOfPage\":{\"@id\":\"https:\/\/www.electroluxprofessional.com\/es\/certifcacion-plata-de-ecovadis-grupo-electrolux-professional\/#primaryimage\"},\"image\":{\"@id\":\"https:\/\/www.electroluxprofessional.com\/es\/certifcacion-plata-de-ecovadis-grupo-electrolux-professional\/#primaryimage\"},\"thumbnailUrl\":\"https:\/\/www.electroluxprofessional.com\/es\/wp-content\/uploads\/2023\/03\/ecovadis-silver-award-1.jpg\",\"datePublished\":\"2023-03-31T06:35:43+00:00\",\"dateModified\":\"2026-03-29T16:48:28+00:00\",\"author\":{\"@id\":\"https:\/\/www.electroluxprofessional.com\/es\/#\/schema\/person\/9e95fe8fbdd76b23181ff978f443679e\"},\"description\":\"El Grupo Electrolux Professional ha recibido la certificaci\u00f3n de calificaci\u00f3n Plata de EcoVadis por su compromiso con la sostenibilidad. Esta certificaci\u00f3n abarca nuestras pol\u00edticas, iniciativas, objetivos y datos corporativos.\",\"breadcrumb\":{\"@id\":\"https:\/\/www.electroluxprofessional.com\/es\/certifcacion-plata-de-ecovadis-grupo-electrolux-professional\/#breadcrumb\"},\"inLanguage\":\"es\",\"potentialAction\":[{\"@type\":\"ReadAction\",\"target\":[\"https:\/\/www.electroluxprofessional.com\/es\/certifcacion-plata-de-ecovadis-grupo-electrolux-professional\/\"]}]},{\"@type\":\"ImageObject\",\"inLanguage\":\"es\",\"@id\":\"https:\/\/www.electroluxprofessional.com\/es\/certifcacion-plata-de-ecovadis-grupo-electrolux-professional\/#primaryimage\",\"url\":\"https:\/\/www.electroluxprofessional.com\/es\/wp-content\/uploads\/2023\/03\/ecovadis-silver-award-1.jpg\",\"contentUrl\":\"https:\/\/www.electroluxprofessional.com\/es\/wp-content\/uploads\/2023\/03\/ecovadis-silver-award-1.jpg\",\"width\":1903,\"height\":712,\"caption\":\"ecovadis-silver-award\"},{\"@type\":\"BreadcrumbList\",\"@id\":\"https:\/\/www.electroluxprofessional.com\/es\/certifcacion-plata-de-ecovadis-grupo-electrolux-professional\/#breadcrumb\",\"itemListElement\":[{\"@type\":\"ListItem\",\"position\":1,\"name\":\"Home\",\"item\":\"https:\/\/www.electroluxprofessional.com\/es\/\"},{\"@type\":\"ListItem\",\"position\":2,\"name\":\"EcoVadis califica con la certificaci\u00f3n plata al Grupo Electrolux Professional\"}]},{\"@type\":\"WebSite\",\"@id\":\"https:\/\/www.electroluxprofessional.com\/es\/#website\",\"url\":\"https:\/\/www.electroluxprofessional.com\/es\/\",\"name\":\"Electrolux Professional Espa\u00f1a\",\"description\":\"Equipamiento cocinas profesionales y lavander\u00edas comerciales. Excelencia en el suministro de soluciones profesionales.\",\"potentialAction\":[{\"@type\":\"SearchAction\",\"target\":{\"@type\":\"EntryPoint\",\"urlTemplate\":\"https:\/\/www.electroluxprofessional.com\/es\/?src={search_term_string}\"},\"query-input\":{\"@type\":\"PropertyValueSpecification\",\"valueRequired\":true,\"valueName\":\"search_term_string\"}}],\"inLanguage\":\"es\"},{\"@type\":\"Person\",\"@id\":\"https:\/\/www.electroluxprofessional.com\/es\/#\/schema\/person\/9e95fe8fbdd76b23181ff978f443679e\",\"name\":\"Silvia Escobar Fern\u00e1ndez\",\"image\":{\"@type\":\"ImageObject\",\"inLanguage\":\"es\",\"@id\":\"https:\/\/www.electroluxprofessional.com\/es\/#\/schema\/person\/image\/\",\"url\":\"https:\/\/secure.gravatar.com\/avatar\/6f8c189cc93bf5691c2c0675e9907986?s=96&d=mm&r=g\",\"contentUrl\":\"https:\/\/secure.gravatar.com\/avatar\/6f8c189cc93bf5691c2c0675e9907986?s=96&d=mm&r=g\",\"caption\":\"Silvia Escobar Fern\u00e1ndez\"},\"url\":\"https:\/\/www.electroluxprofessional.com\/es\/author\/silvia-escobar-fernandez\/\"}]}<\/script>\n<!-- \/ Yoast SEO plugin. -->","yoast_head_json":{"title":"Certificaci\u00f3n EcoVadis Plata: compromiso sostenible | Electrolux Professional","description":"El Grupo Electrolux Professional ha recibido la certificaci\u00f3n de calificaci\u00f3n Plata de EcoVadis por su compromiso con la sostenibilidad. Esta certificaci\u00f3n abarca nuestras pol\u00edticas, iniciativas, objetivos y datos corporativos.","robots":{"index":"index","follow":"follow","max-snippet":"max-snippet:-1","max-image-preview":"max-image-preview:large","max-video-preview":"max-video-preview:-1"},"canonical":"https:\/\/www.electroluxprofessional.com\/es\/certifcacion-plata-de-ecovadis-grupo-electrolux-professional\/","og_locale":"es_ES","og_type":"article","og_title":"Certificaci\u00f3n EcoVadis Plata: compromiso sostenible | Electrolux Professional","og_description":"El Grupo Electrolux Professional ha recibido la certificaci\u00f3n de calificaci\u00f3n Plata de EcoVadis por su compromiso con la sostenibilidad. Esta certificaci\u00f3n abarca nuestras pol\u00edticas, iniciativas, objetivos y datos corporativos.","og_url":"https:\/\/www.electroluxprofessional.com\/es\/certifcacion-plata-de-ecovadis-grupo-electrolux-professional\/","og_site_name":"Electrolux Professional Espa\u00f1a","article_published_time":"2023-03-31T06:35:43+00:00","article_modified_time":"2026-03-29T16:48:28+00:00","og_image":[{"width":1903,"height":712,"url":"https:\/\/www.electroluxprofessional.com\/es\/wp-content\/uploads\/2023\/03\/ecovadis-silver-award-1.jpg","type":"image\/jpeg"}],"author":"Silvia Escobar Fern\u00e1ndez","twitter_card":"summary_large_image","twitter_misc":{"Escrito por":"Silvia Escobar Fern\u00e1ndez","Tiempo de lectura":"1 minuto"},"schema":{"@context":"https:\/\/schema.org","@graph":[{"@type":"WebPage","@id":"https:\/\/www.electroluxprofessional.com\/es\/certifcacion-plata-de-ecovadis-grupo-electrolux-professional\/","url":"https:\/\/www.electroluxprofessional.com\/es\/certifcacion-plata-de-ecovadis-grupo-electrolux-professional\/","name":"Certificaci\u00f3n EcoVadis Plata: compromiso sostenible | Electrolux Professional","isPartOf":{"@id":"https:\/\/www.electroluxprofessional.com\/es\/#website"},"primaryImageOfPage":{"@id":"https:\/\/www.electroluxprofessional.com\/es\/certifcacion-plata-de-ecovadis-grupo-electrolux-professional\/#primaryimage"},"image":{"@id":"https:\/\/www.electroluxprofessional.com\/es\/certifcacion-plata-de-ecovadis-grupo-electrolux-professional\/#primaryimage"},"thumbnailUrl":"https:\/\/www.electroluxprofessional.com\/es\/wp-content\/uploads\/2023\/03\/ecovadis-silver-award-1.jpg","datePublished":"2023-03-31T06:35:43+00:00","dateModified":"2026-03-29T16:48:28+00:00","author":{"@id":"https:\/\/www.electroluxprofessional.com\/es\/#\/schema\/person\/9e95fe8fbdd76b23181ff978f443679e"},"description":"El Grupo Electrolux Professional ha recibido la certificaci\u00f3n de calificaci\u00f3n Plata de EcoVadis por su compromiso con la sostenibilidad. Esta certificaci\u00f3n abarca nuestras pol\u00edticas, iniciativas, objetivos y datos corporativos.","breadcrumb":{"@id":"https:\/\/www.electroluxprofessional.com\/es\/certifcacion-plata-de-ecovadis-grupo-electrolux-professional\/#breadcrumb"},"inLanguage":"es","potentialAction":[{"@type":"ReadAction","target":["https:\/\/www.electroluxprofessional.com\/es\/certifcacion-plata-de-ecovadis-grupo-electrolux-professional\/"]}]},{"@type":"ImageObject","inLanguage":"es","@id":"https:\/\/www.electroluxprofessional.com\/es\/certifcacion-plata-de-ecovadis-grupo-electrolux-professional\/#primaryimage","url":"https:\/\/www.electroluxprofessional.com\/es\/wp-content\/uploads\/2023\/03\/ecovadis-silver-award-1.jpg","contentUrl":"https:\/\/www.electroluxprofessional.com\/es\/wp-content\/uploads\/2023\/03\/ecovadis-silver-award-1.jpg","width":1903,"height":712,"caption":"ecovadis-silver-award"},{"@type":"BreadcrumbList","@id":"https:\/\/www.electroluxprofessional.com\/es\/certifcacion-plata-de-ecovadis-grupo-electrolux-professional\/#breadcrumb","itemListElement":[{"@type":"ListItem","position":1,"name":"Home","item":"https:\/\/www.electroluxprofessional.com\/es\/"},{"@type":"ListItem","position":2,"name":"EcoVadis califica con la certificaci\u00f3n plata al Grupo Electrolux Professional"}]},{"@type":"WebSite","@id":"https:\/\/www.electroluxprofessional.com\/es\/#website","url":"https:\/\/www.electroluxprofessional.com\/es\/","name":"Electrolux Professional Espa\u00f1a","description":"Equipamiento cocinas profesionales y lavander\u00edas comerciales. Excelencia en el suministro de soluciones profesionales.","potentialAction":[{"@type":"SearchAction","target":{"@type":"EntryPoint","urlTemplate":"https:\/\/www.electroluxprofessional.com\/es\/?src={search_term_string}"},"query-input":{"@type":"PropertyValueSpecification","valueRequired":true,"valueName":"search_term_string"}}],"inLanguage":"es"},{"@type":"Person","@id":"https:\/\/www.electroluxprofessional.com\/es\/#\/schema\/person\/9e95fe8fbdd76b23181ff978f443679e","name":"Silvia Escobar Fern\u00e1ndez","image":{"@type":"ImageObject","inLanguage":"es","@id":"https:\/\/www.electroluxprofessional.com\/es\/#\/schema\/person\/image\/","url":"https:\/\/secure.gravatar.com\/avatar\/6f8c189cc93bf5691c2c0675e9907986?s=96&d=mm&r=g","contentUrl":"https:\/\/secure.gravatar.com\/avatar\/6f8c189cc93bf5691c2c0675e9907986?s=96&d=mm&r=g","caption":"Silvia Escobar Fern\u00e1ndez"},"url":"https:\/\/www.electroluxprofessional.com\/es\/author\/silvia-escobar-fernandez\/"}]}},"_links":{"self":[{"href":"https:\/\/www.electroluxprofessional.com\/es\/wp-json\/wp\/v2\/posts\/17651"}],"collection":[{"href":"https:\/\/www.electroluxprofessional.com\/es\/wp-json\/wp\/v2\/posts"}],"about":[{"href":"https:\/\/www.electroluxprofessional.com\/es\/wp-json\/wp\/v2\/types\/post"}],"author":[{"embeddable":true,"href":"https:\/\/www.electroluxprofessional.com\/es\/wp-json\/wp\/v2\/users\/300"}],"replies":[{"embeddable":true,"href":"https:\/\/www.electroluxprofessional.com\/es\/wp-json\/wp\/v2\/comments?post=17651"}],"version-history":[{"count":4,"href":"https:\/\/www.electroluxprofessional.com\/es\/wp-json\/wp\/v2\/posts\/17651\/revisions"}],"predecessor-version":[{"id":17677,"href":"https:\/\/www.electroluxprofessional.com\/es\/wp-json\/wp\/v2\/posts\/17651\/revisions\/17677"}],"wp:featuredmedia":[{"embeddable":true,"href":"https:\/\/www.electroluxprofessional.com\/es\/wp-json\/wp\/v2\/media\/17650"}],"wp:attachment":[{"href":"https:\/\/www.electroluxprofessional.com\/es\/wp-json\/wp\/v2\/media?parent=17651"}],"wp:term":[{"taxonomy":"category","embeddable":true,"href":"https:\/\/www.electroluxprofessional.com\/es\/wp-json\/wp\/v2\/categories?post=17651"},{"taxonomy":"post_tag","embeddable":true,"href":"https:\/\/www.electroluxprofessional.com\/es\/wp-json\/wp\/v2\/tags?post=17651"}],"curies":[{"name":"wp","href":"https:\/\/api.w.org\/{rel}","templated":true}]}}