{"id":17411,"date":"2023-02-22T15:45:29","date_gmt":"2023-02-22T15:45:29","guid":{"rendered":"https:\/\/www.electroluxprofessional.com\/es\/?p=17411"},"modified":"2026-03-29T16:57:04","modified_gmt":"2026-03-29T16:57:04","slug":"como-las-secadoras-con-bomba-de-calor-pueden-superar-la-crisis-energetica","status":"publish","type":"post","link":"https:\/\/www.electroluxprofessional.com\/es\/como-las-secadoras-con-bomba-de-calor-pueden-superar-la-crisis-energetica\/","title":{"rendered":"C\u00f3mo ayudan las secadoras con bomba de calor a combatir la crisis energ\u00e9tica"},"content":{"rendered":"<p>[vc_row][vc_column][vc_column_text]<strong>Las constantes subidas mundiales del precio de la energ\u00eda han puesto rotundamente de relieve el consumo de servicios p\u00fablicos en el \u00e1mbito del cuidado profesional de la ropa. Ante la falta de perspectivas de alivio, \u00bfqu\u00e9 pueden hacer los propietarios y los operadores para recuperar sus m\u00e1rgenes? Quiz\u00e1 ya tengan la respuesta ante sus ojos. Christine Rush, responsable global de Producto -Secadoras, repasa la evoluci\u00f3n de la tecnolog\u00eda de bomba de calor y c\u00f3mo esta puede ser clave para combatir la crisis energ\u00e9tica.<\/strong>[\/vc_column_text][vc_empty_space][\/vc_column][\/vc_row][vc_row][vc_column][elx_heading text_color=&#8221;inherit&#8221;]Uso de bombas de calor en las secadoras comerciales[\/elx_heading][vc_empty_space height=&#8221;16px&#8221;][vc_column_text]El uso de bombas de calor en las secadoras comerciales no es nada nuevo. En realidad, es una tecnolog\u00eda que se utiliza hace m\u00e1s de cuarenta a\u00f1os. Pese a contar con una clientela fiel, sobre todo en pa\u00edses donde la tecnolog\u00eda de bomba de calor tiene otras aplicaciones habituales, como la calefacci\u00f3n dom\u00e9stica, muchos profesionales del cuidado de la ropa la han descartado enseguida debido a diversas percepciones muy arraigadas.[\/vc_column_text][vc_empty_space][vc_column_text]Para quienes regentan una lavander\u00eda comercial, el \u00e9xito suele estar ligado a la productividad. Sencillamente, cuanto mayor sea el n\u00famero de ciclos diarios, m\u00e1s dinero puede generarse.[\/vc_column_text][vc_empty_space][vc_column_text]Aunque las secadoras con bomba de calor a menudo han implicado menos costes de explotaci\u00f3n que las secadoras de evacuaci\u00f3n el\u00e9ctricas o a gas, no han logrado ofrecer, ni de lejos, duraciones de ciclos an\u00e1logos. Si a ello le a\u00f1adimos su mayor precio de compra, no es de extra\u00f1ar que las secadoras con bomba de calor a\u00fan tengan que superar muchas trabas en el mercado de las lavander\u00edas internas (OPL).[\/vc_column_text][vc_empty_space][\/vc_column][\/vc_row][vc_row equal_height=&#8221;yes&#8221;][vc_column width=&#8221;1\/2&#8243;][vc_single_image image=&#8221;17409&#8243; img_size=&#8221;full&#8221;][\/vc_column][vc_column width=&#8221;1\/2&#8243;][elx_heading text_color=&#8221;inherit&#8221;]El creciente coste de la energ\u00eda[\/elx_heading][vc_empty_space height=&#8221;16px&#8221;][vc_column_text]Ante las constantes subidas de precios en los mercados energ\u00e9ticos mundiales, abundan quienes empiezan a plantearse seriamente qu\u00e9 tecnolog\u00eda de secado les conviene. Las secadoras con bomba de calor han constituido durante muchos a\u00f1os el 60% de las instalaciones de secadoras comerciales en Suecia. Sin embargo, esa cifra hab\u00eda ascendido hasta el 75% a finales de 2022. Tambi\u00e9n ha crecido en Francia y Alemania (gracias en parte a la subvenci\u00f3n estatal de las tecnolog\u00edas sostenibles), as\u00ed como en otros pa\u00edses europeos. Incluso hemos empezado a observar un mayor inter\u00e9s en APAC y EE. UU., dos zonas con un gran predominio de las secadoras de evacuaci\u00f3n.<\/p>\n<p>A\u00fan as\u00ed, esto no deber\u00eda sorprendernos, puesto que las secadoras comerciales consumen m\u00e1s del triple de energ\u00eda que las lavadoras.[\/vc_column_text][\/vc_column][\/vc_row][vc_row][vc_column][vc_empty_space height=&#8221;16px&#8221;][vc_column_text]Dado que el coste unitario medio de la electricidad se ha triplicado durante el \u00faltimo a\u00f1o, ha perdido fuerza la tradicional compensaci\u00f3n de los mayores gastos de explotaci\u00f3n con los ciclos m\u00e1s r\u00e1pidos de las secadoras de evacuaci\u00f3n.[\/vc_column_text][vc_empty_space height=&#8221;16px&#8221;][elx_heading text_color=&#8221;inherit&#8221;]C\u00f3mo te ayuda a ahorrar energ\u00eda una secadora con bomba de calor[\/elx_heading][vc_empty_space height=&#8221;16px&#8221;][vc_column_text]El coste de la energ\u00eda es sin duda un factor decisivo, pero tambi\u00e9n lo es la innovaci\u00f3n. De hecho, las secadoras con bomba de calor modernas \u2013como las de la L\u00ednea 6000 de Electrolux Professional\u2013 representan rotundos avances para superar el principal obst\u00e1culo a su implantaci\u00f3n masiva: la duraci\u00f3n de los ciclos.<\/p>\n<p>El secreto radica en inspirarse en otras aplicaciones de las bombas de calor. A diferencia de otros modelos del mercado, las secadoras con bomba de calor L\u00ednea 6000 llevan una v\u00e1lvula electr\u00f3nica y un compresor accionado por inversor dentro de la unidad de la bomba de calor. Al igual que la tecnolog\u00eda empleada en las aplicaciones de bomba de calor y aire acondicionado, reduce dr\u00e1sticamente las fluctuaciones de temperatura frente a la tradicional regulaci\u00f3n con v\u00e1lvulas mec\u00e1nicas, lo que significa un mejor control de la temperatura y una eliminaci\u00f3n m\u00e1s veloz del agua.[\/vc_column_text][vc_empty_space height=&#8221;16px&#8221;][vc_column_text]Esto no solo mejora el consumo de energ\u00eda, sino que tambi\u00e9n cambia las tornas con respecto a la duraci\u00f3n de los ciclos. Los profesionales de OPL ahora pueden disfrutar de secadoras con bomba de calor capaces de ejecutar un ciclo en 35 minutos (solo 5 minutos m\u00e1s que las secadoras de evacuaci\u00f3n) y casi al doble de velocidad que las secadoras con bomba de calor convencionales.<\/p>\n<p>El impacto de estos dos factores no debe sobrevalorarse al evaluar la productividad. En comparaci\u00f3n con una secadora de evacuaci\u00f3n, una secadora con bomba de calor moderna que ejecute 3000 ciclos al a\u00f1o utilizar\u00e1 un 65% menos de energ\u00eda cada a\u00f1o: el equivalente al consumo energ\u00e9tico anual de tres hogares familiares tradicionales.[\/vc_column_text][vc_empty_space][\/vc_column][\/vc_row][vc_row equal_height=&#8221;yes&#8221;][vc_column width=&#8221;1\/2&#8243;][vc_column_text]Unido a los solo 5 minutos de diferencia en la duraci\u00f3n de los ciclos, los profesionales de OPL ya no tienen necesidad de contrastar consumo de energ\u00eda y productividad. Incluso aunque te condicione el precio ligeramente superior de una secadora con bomba de calor, el periodo de amortizaci\u00f3n puede reducirse a solo dos a\u00f1os, mientras que los menores costes de explotaci\u00f3n y la duraci\u00f3n equiparable de los ciclos siempre te compensar\u00e1n el desembolso durante diez o m\u00e1s a\u00f1os de funcionamiento.<\/p>\n<p>Las secadoras con bomba de calor ofrecen ahora una importante oportunidad de ahorro energ\u00e9tico, pero conviene contextualizar la tecnolog\u00eda dentro del proceso general de gesti\u00f3n del ciclo de lavado.<\/p>\n<p>Para sacar el m\u00e1ximo partido a una secadora con bomba de calor, debe combinarse con una lavadora comercial con centrifugado a altas revoluciones. As\u00ed se maximizar\u00e1 la eliminaci\u00f3n de agua antes de la fase de secado y se garantizar\u00e1 la mayor eficiencia posible de los ciclos de secado.[\/vc_column_text][\/vc_column][vc_column width=&#8221;1\/2&#8243;][vc_single_image image=&#8221;17410&#8243; img_size=&#8221;full&#8221;][\/vc_column][\/vc_row][vc_row][vc_column][vc_empty_space height=&#8221;16px&#8221;][vc_column_text]Aunque las lavadoras que centrifugan a altas revoluciones son la norma en muchos pa\u00edses, a\u00fan no constituyen la elecci\u00f3n habitual en otros. Por lo tanto, quien se plantee invertir en una secadora con bomba de calor tambi\u00e9n deber\u00e1 tener en cuenta sus lavadoras para maximizar tanto el ahorro energ\u00e9tico como la productividad.[\/vc_column_text][elx_heading text_color=&#8221;inherit&#8221;]Conclusi\u00f3n[\/elx_heading][vc_empty_space height=&#8221;16px&#8221;][vc_column_text]El mundo de la lavander\u00eda comercial es ahora muy distinto al de hace 12 meses. Con los precios de la energ\u00eda abocados a mantenerse elevados m\u00e1s all\u00e1 de este a\u00f1o, la innovadora tecnolog\u00eda de las secadoras con bomba de calor ser\u00e1 cada vez m\u00e1s relevante.[\/vc_column_text][vc_empty_space][\/vc_column][\/vc_row][vc_row][vc_column][vc_column_text]<\/p>\n<p style=\"text-align: center;\"><strong><a href=\"https:\/\/www.electroluxprofessional.com\/es\/secadoras-bomba-de-calor\/\">M\u00e1s informaci\u00f3n sobre nuestras secadoras profesionales con bomba de calor<\/a><\/strong><\/p>\n<p>[\/vc_column_text][\/vc_column][\/vc_row]<\/p>\n","protected":false},"excerpt":{"rendered":"<p>[vc_row][vc_column][vc_column_text]Las constantes subidas mundiales del precio de la energ\u00eda han puesto rotundamente de relieve el consumo de servicios p\u00fablicos en el \u00e1mbito del cuidado profesional de la ropa. Ante la falta de perspectivas de alivio, \u00bfqu\u00e9 pueden hacer los propietarios y los operadores para recuperar sus m\u00e1rgenes? Quiz\u00e1 ya tengan la respuesta ante sus ojos. [&hellip;]<\/p>\n","protected":false},"author":1,"featured_media":17408,"comment_status":"open","ping_status":"closed","sticky":false,"template":"","format":"standard","meta":{"footnotes":""},"categories":[349,331,58],"tags":[325,268],"class_list":["post-17411","post","type-post","status-publish","format-standard","has-post-thumbnail","hentry","category-innovacion","category-lavanderia","category-sostenibilidad","tag-ergonomia","tag-ergonomics"],"acf":[],"yoast_head":"<!-- This site is optimized with the Yoast SEO plugin v23.4 - https:\/\/yoast.com\/wordpress\/plugins\/seo\/ -->\n<title>Secadoras bomba de calor: ahorra en la crisis energ\u00e9tica | Electrolux Professional<\/title>\n<meta name=\"description\" content=\"Descubre c\u00f3mo las secadoras con bomba de calor de Electrolux Professional pueden vencer la crisis energ\u00e9tica en el sector del cuidado textil y ayudar a tu negocio a recuperar m\u00e1rgenes de beneficio.\" \/>\n<meta name=\"robots\" content=\"index, follow, max-snippet:-1, max-image-preview:large, max-video-preview:-1\" \/>\n<link rel=\"canonical\" href=\"https:\/\/www.electroluxprofessional.com\/es\/como-las-secadoras-con-bomba-de-calor-pueden-superar-la-crisis-energetica\/\" \/>\n<meta property=\"og:locale\" content=\"es_ES\" \/>\n<meta property=\"og:type\" content=\"article\" \/>\n<meta property=\"og:title\" content=\"Secadoras bomba de calor: ahorra en la crisis energ\u00e9tica | Electrolux Professional\" \/>\n<meta property=\"og:description\" content=\"Descubre c\u00f3mo las secadoras con bomba de calor de Electrolux Professional pueden vencer la crisis energ\u00e9tica en el sector del cuidado textil y ayudar a tu negocio a recuperar m\u00e1rgenes de beneficio.\" \/>\n<meta property=\"og:url\" content=\"https:\/\/www.electroluxprofessional.com\/es\/como-las-secadoras-con-bomba-de-calor-pueden-superar-la-crisis-energetica\/\" \/>\n<meta property=\"og:site_name\" content=\"Electrolux Professional Espa\u00f1a\" \/>\n<meta property=\"article:published_time\" content=\"2023-02-22T15:45:29+00:00\" \/>\n<meta property=\"article:modified_time\" content=\"2026-03-29T16:57:04+00:00\" \/>\n<meta property=\"og:image\" content=\"https:\/\/www.electroluxprofessional.com\/es\/wp-content\/uploads\/2023\/02\/header-3.jpg\" \/>\n\t<meta property=\"og:image:width\" content=\"1900\" \/>\n\t<meta property=\"og:image:height\" content=\"1267\" \/>\n\t<meta property=\"og:image:type\" content=\"image\/jpeg\" \/>\n<meta name=\"author\" content=\"Com21 Com21\" \/>\n<meta name=\"twitter:card\" content=\"summary_large_image\" \/>\n<meta name=\"twitter:label1\" content=\"Escrito por\" \/>\n\t<meta name=\"twitter:data1\" content=\"Com21 Com21\" \/>\n\t<meta name=\"twitter:label2\" content=\"Tiempo de lectura\" \/>\n\t<meta name=\"twitter:data2\" content=\"6 minutos\" \/>\n<script type=\"application\/ld+json\" class=\"yoast-schema-graph\">{\"@context\":\"https:\/\/schema.org\",\"@graph\":[{\"@type\":\"WebPage\",\"@id\":\"https:\/\/www.electroluxprofessional.com\/es\/como-las-secadoras-con-bomba-de-calor-pueden-superar-la-crisis-energetica\/\",\"url\":\"https:\/\/www.electroluxprofessional.com\/es\/como-las-secadoras-con-bomba-de-calor-pueden-superar-la-crisis-energetica\/\",\"name\":\"Secadoras bomba de calor: ahorra en la crisis energ\u00e9tica | Electrolux Professional\",\"isPartOf\":{\"@id\":\"https:\/\/www.electroluxprofessional.com\/es\/#website\"},\"primaryImageOfPage\":{\"@id\":\"https:\/\/www.electroluxprofessional.com\/es\/como-las-secadoras-con-bomba-de-calor-pueden-superar-la-crisis-energetica\/#primaryimage\"},\"image\":{\"@id\":\"https:\/\/www.electroluxprofessional.com\/es\/como-las-secadoras-con-bomba-de-calor-pueden-superar-la-crisis-energetica\/#primaryimage\"},\"thumbnailUrl\":\"https:\/\/www.electroluxprofessional.com\/es\/wp-content\/uploads\/2023\/02\/header-3.jpg\",\"datePublished\":\"2023-02-22T15:45:29+00:00\",\"dateModified\":\"2026-03-29T16:57:04+00:00\",\"author\":{\"@id\":\"https:\/\/www.electroluxprofessional.com\/es\/#\/schema\/person\/9e4854000c5770be22f7f039b77db85d\"},\"description\":\"Descubre c\u00f3mo las secadoras con bomba de calor de Electrolux Professional pueden vencer la crisis energ\u00e9tica en el sector del cuidado textil y ayudar a tu negocio a recuperar m\u00e1rgenes de beneficio.\",\"breadcrumb\":{\"@id\":\"https:\/\/www.electroluxprofessional.com\/es\/como-las-secadoras-con-bomba-de-calor-pueden-superar-la-crisis-energetica\/#breadcrumb\"},\"inLanguage\":\"es\",\"potentialAction\":[{\"@type\":\"ReadAction\",\"target\":[\"https:\/\/www.electroluxprofessional.com\/es\/como-las-secadoras-con-bomba-de-calor-pueden-superar-la-crisis-energetica\/\"]}]},{\"@type\":\"ImageObject\",\"inLanguage\":\"es\",\"@id\":\"https:\/\/www.electroluxprofessional.com\/es\/como-las-secadoras-con-bomba-de-calor-pueden-superar-la-crisis-energetica\/#primaryimage\",\"url\":\"https:\/\/www.electroluxprofessional.com\/es\/wp-content\/uploads\/2023\/02\/header-3.jpg\",\"contentUrl\":\"https:\/\/www.electroluxprofessional.com\/es\/wp-content\/uploads\/2023\/02\/header-3.jpg\",\"width\":1900,\"height\":1267,\"caption\":\"header-3\"},{\"@type\":\"BreadcrumbList\",\"@id\":\"https:\/\/www.electroluxprofessional.com\/es\/como-las-secadoras-con-bomba-de-calor-pueden-superar-la-crisis-energetica\/#breadcrumb\",\"itemListElement\":[{\"@type\":\"ListItem\",\"position\":1,\"name\":\"Home\",\"item\":\"https:\/\/www.electroluxprofessional.com\/es\/\"},{\"@type\":\"ListItem\",\"position\":2,\"name\":\"C\u00f3mo ayudan las secadoras con bomba de calor a combatir la crisis energ\u00e9tica\"}]},{\"@type\":\"WebSite\",\"@id\":\"https:\/\/www.electroluxprofessional.com\/es\/#website\",\"url\":\"https:\/\/www.electroluxprofessional.com\/es\/\",\"name\":\"Electrolux Professional Espa\u00f1a\",\"description\":\"Equipamiento cocinas profesionales y lavander\u00edas comerciales. Excelencia en el suministro de soluciones profesionales.\",\"potentialAction\":[{\"@type\":\"SearchAction\",\"target\":{\"@type\":\"EntryPoint\",\"urlTemplate\":\"https:\/\/www.electroluxprofessional.com\/es\/?src={search_term_string}\"},\"query-input\":{\"@type\":\"PropertyValueSpecification\",\"valueRequired\":true,\"valueName\":\"search_term_string\"}}],\"inLanguage\":\"es\"},{\"@type\":\"Person\",\"@id\":\"https:\/\/www.electroluxprofessional.com\/es\/#\/schema\/person\/9e4854000c5770be22f7f039b77db85d\",\"name\":\"Com21 Com21\",\"image\":{\"@type\":\"ImageObject\",\"inLanguage\":\"es\",\"@id\":\"https:\/\/www.electroluxprofessional.com\/es\/#\/schema\/person\/image\/\",\"url\":\"https:\/\/secure.gravatar.com\/avatar\/c85bb82a173a15fa539a2afef07bd298?s=96&d=mm&r=g\",\"contentUrl\":\"https:\/\/secure.gravatar.com\/avatar\/c85bb82a173a15fa539a2afef07bd298?s=96&d=mm&r=g\",\"caption\":\"Com21 Com21\"},\"url\":\"https:\/\/www.electroluxprofessional.com\/es\/author\/eprwebmaster-jobinformatica-it\/\"}]}<\/script>\n<!-- \/ Yoast SEO plugin. -->","yoast_head_json":{"title":"Secadoras bomba de calor: ahorra en la crisis energ\u00e9tica | Electrolux Professional","description":"Descubre c\u00f3mo las secadoras con bomba de calor de Electrolux Professional pueden vencer la crisis energ\u00e9tica en el sector del cuidado textil y ayudar a tu negocio a recuperar m\u00e1rgenes de beneficio.","robots":{"index":"index","follow":"follow","max-snippet":"max-snippet:-1","max-image-preview":"max-image-preview:large","max-video-preview":"max-video-preview:-1"},"canonical":"https:\/\/www.electroluxprofessional.com\/es\/como-las-secadoras-con-bomba-de-calor-pueden-superar-la-crisis-energetica\/","og_locale":"es_ES","og_type":"article","og_title":"Secadoras bomba de calor: ahorra en la crisis energ\u00e9tica | Electrolux Professional","og_description":"Descubre c\u00f3mo las secadoras con bomba de calor de Electrolux Professional pueden vencer la crisis energ\u00e9tica en el sector del cuidado textil y ayudar a tu negocio a recuperar m\u00e1rgenes de beneficio.","og_url":"https:\/\/www.electroluxprofessional.com\/es\/como-las-secadoras-con-bomba-de-calor-pueden-superar-la-crisis-energetica\/","og_site_name":"Electrolux Professional Espa\u00f1a","article_published_time":"2023-02-22T15:45:29+00:00","article_modified_time":"2026-03-29T16:57:04+00:00","og_image":[{"width":1900,"height":1267,"url":"https:\/\/www.electroluxprofessional.com\/es\/wp-content\/uploads\/2023\/02\/header-3.jpg","type":"image\/jpeg"}],"author":"Com21 Com21","twitter_card":"summary_large_image","twitter_misc":{"Escrito por":"Com21 Com21","Tiempo de lectura":"6 minutos"},"schema":{"@context":"https:\/\/schema.org","@graph":[{"@type":"WebPage","@id":"https:\/\/www.electroluxprofessional.com\/es\/como-las-secadoras-con-bomba-de-calor-pueden-superar-la-crisis-energetica\/","url":"https:\/\/www.electroluxprofessional.com\/es\/como-las-secadoras-con-bomba-de-calor-pueden-superar-la-crisis-energetica\/","name":"Secadoras bomba de calor: ahorra en la crisis energ\u00e9tica | Electrolux Professional","isPartOf":{"@id":"https:\/\/www.electroluxprofessional.com\/es\/#website"},"primaryImageOfPage":{"@id":"https:\/\/www.electroluxprofessional.com\/es\/como-las-secadoras-con-bomba-de-calor-pueden-superar-la-crisis-energetica\/#primaryimage"},"image":{"@id":"https:\/\/www.electroluxprofessional.com\/es\/como-las-secadoras-con-bomba-de-calor-pueden-superar-la-crisis-energetica\/#primaryimage"},"thumbnailUrl":"https:\/\/www.electroluxprofessional.com\/es\/wp-content\/uploads\/2023\/02\/header-3.jpg","datePublished":"2023-02-22T15:45:29+00:00","dateModified":"2026-03-29T16:57:04+00:00","author":{"@id":"https:\/\/www.electroluxprofessional.com\/es\/#\/schema\/person\/9e4854000c5770be22f7f039b77db85d"},"description":"Descubre c\u00f3mo las secadoras con bomba de calor de Electrolux Professional pueden vencer la crisis energ\u00e9tica en el sector del cuidado textil y ayudar a tu negocio a recuperar m\u00e1rgenes de beneficio.","breadcrumb":{"@id":"https:\/\/www.electroluxprofessional.com\/es\/como-las-secadoras-con-bomba-de-calor-pueden-superar-la-crisis-energetica\/#breadcrumb"},"inLanguage":"es","potentialAction":[{"@type":"ReadAction","target":["https:\/\/www.electroluxprofessional.com\/es\/como-las-secadoras-con-bomba-de-calor-pueden-superar-la-crisis-energetica\/"]}]},{"@type":"ImageObject","inLanguage":"es","@id":"https:\/\/www.electroluxprofessional.com\/es\/como-las-secadoras-con-bomba-de-calor-pueden-superar-la-crisis-energetica\/#primaryimage","url":"https:\/\/www.electroluxprofessional.com\/es\/wp-content\/uploads\/2023\/02\/header-3.jpg","contentUrl":"https:\/\/www.electroluxprofessional.com\/es\/wp-content\/uploads\/2023\/02\/header-3.jpg","width":1900,"height":1267,"caption":"header-3"},{"@type":"BreadcrumbList","@id":"https:\/\/www.electroluxprofessional.com\/es\/como-las-secadoras-con-bomba-de-calor-pueden-superar-la-crisis-energetica\/#breadcrumb","itemListElement":[{"@type":"ListItem","position":1,"name":"Home","item":"https:\/\/www.electroluxprofessional.com\/es\/"},{"@type":"ListItem","position":2,"name":"C\u00f3mo ayudan las secadoras con bomba de calor a combatir la crisis energ\u00e9tica"}]},{"@type":"WebSite","@id":"https:\/\/www.electroluxprofessional.com\/es\/#website","url":"https:\/\/www.electroluxprofessional.com\/es\/","name":"Electrolux Professional Espa\u00f1a","description":"Equipamiento cocinas profesionales y lavander\u00edas comerciales. Excelencia en el suministro de soluciones profesionales.","potentialAction":[{"@type":"SearchAction","target":{"@type":"EntryPoint","urlTemplate":"https:\/\/www.electroluxprofessional.com\/es\/?src={search_term_string}"},"query-input":{"@type":"PropertyValueSpecification","valueRequired":true,"valueName":"search_term_string"}}],"inLanguage":"es"},{"@type":"Person","@id":"https:\/\/www.electroluxprofessional.com\/es\/#\/schema\/person\/9e4854000c5770be22f7f039b77db85d","name":"Com21 Com21","image":{"@type":"ImageObject","inLanguage":"es","@id":"https:\/\/www.electroluxprofessional.com\/es\/#\/schema\/person\/image\/","url":"https:\/\/secure.gravatar.com\/avatar\/c85bb82a173a15fa539a2afef07bd298?s=96&d=mm&r=g","contentUrl":"https:\/\/secure.gravatar.com\/avatar\/c85bb82a173a15fa539a2afef07bd298?s=96&d=mm&r=g","caption":"Com21 Com21"},"url":"https:\/\/www.electroluxprofessional.com\/es\/author\/eprwebmaster-jobinformatica-it\/"}]}},"_links":{"self":[{"href":"https:\/\/www.electroluxprofessional.com\/es\/wp-json\/wp\/v2\/posts\/17411"}],"collection":[{"href":"https:\/\/www.electroluxprofessional.com\/es\/wp-json\/wp\/v2\/posts"}],"about":[{"href":"https:\/\/www.electroluxprofessional.com\/es\/wp-json\/wp\/v2\/types\/post"}],"author":[{"embeddable":true,"href":"https:\/\/www.electroluxprofessional.com\/es\/wp-json\/wp\/v2\/users\/1"}],"replies":[{"embeddable":true,"href":"https:\/\/www.electroluxprofessional.com\/es\/wp-json\/wp\/v2\/comments?post=17411"}],"version-history":[{"count":8,"href":"https:\/\/www.electroluxprofessional.com\/es\/wp-json\/wp\/v2\/posts\/17411\/revisions"}],"predecessor-version":[{"id":26061,"href":"https:\/\/www.electroluxprofessional.com\/es\/wp-json\/wp\/v2\/posts\/17411\/revisions\/26061"}],"wp:featuredmedia":[{"embeddable":true,"href":"https:\/\/www.electroluxprofessional.com\/es\/wp-json\/wp\/v2\/media\/17408"}],"wp:attachment":[{"href":"https:\/\/www.electroluxprofessional.com\/es\/wp-json\/wp\/v2\/media?parent=17411"}],"wp:term":[{"taxonomy":"category","embeddable":true,"href":"https:\/\/www.electroluxprofessional.com\/es\/wp-json\/wp\/v2\/categories?post=17411"},{"taxonomy":"post_tag","embeddable":true,"href":"https:\/\/www.electroluxprofessional.com\/es\/wp-json\/wp\/v2\/tags?post=17411"}],"curies":[{"name":"wp","href":"https:\/\/api.w.org\/{rel}","templated":true}]}}