{"id":32268,"date":"2026-04-02T09:02:52","date_gmt":"2026-04-02T09:02:52","guid":{"rendered":"https:\/\/www.electroluxprofessional.com\/dk\/?p=32268"},"modified":"2026-04-27T08:37:55","modified_gmt":"2026-04-27T08:37:55","slug":"skyline-combi-oven-new-sustainability-standards","status":"publish","type":"post","link":"https:\/\/www.electroluxprofessional.com\/dk\/skyline-combi-oven-new-sustainability-standards\/","title":{"rendered":"SkyLine: Kombiovnen, der forts\u00e6tter med at s\u00e6tte nye standarder for b\u00e6redygtighed"},"content":{"rendered":"<p>[vc_row][vc_column][vc_column_text]Den seneste version af SkyLine Combi Ovnen understreger Electrolux Professional\u2019s fortsatte engagement i at designe og levere b\u00e6redygtige l\u00f8sninger, der underst\u00f8tter den cirkul\u00e6re \u00f8konomi.<br \/>\nDa SkyLine blev relanceret sidste \u00e5r, blev b\u00e6redygtighed placeret i centrum med h\u00e5ndgribelige, daglige fordele for kunderne, herunder m\u00e5lbare reduktioner i milj\u00f8p\u00e5virkning og driftsomkostninger.[\/vc_column_text][vc_empty_space height=&#8221;15px&#8221;][\/vc_column][\/vc_row][vc_row][vc_column][vc_empty_space height=&#8221;15px&#8221;][elx_text_image style_image=&#8221;image_square&#8221; image_position_mobile=&#8221;mobile-order-4&#8243; bg_row=&#8221;bg-download-white&#8221; lists=&#8221;%5B%7B%7D%5D&#8221; values=&#8221;%5B%7B%22tag_icon_title%22%3A%22h4%22%7D%5D&#8221; single_image=&#8221;31768&#8243; title=&#8221;B\u00e6redygtighed indbygget i hver detalje&#8221;]<span data-teams=\"true\">Dette engagement understreges af ovnens nylige <strong>Platin\u2011rating<\/strong> fra <strong>UL Solutions\u2019 Repairability Rating Program.<\/strong><\/span>Electrolux Professional er den f\u00f8rste producent i foodservice\u2011branchen til at deltage i akkrediteringsprocessen for Repairability Rating Program, hvilket fremh\u00e6ver vores prioritet i at drive b\u00e6redygtige praksisser gennem sit kommercielle udstyr.<br \/>\n<strong>Ved at maksimere reparerbarheden hj\u00e6lper SkyLine med at reducere affald, forl\u00e6nge produktets levetid og underst\u00f8tte genbrug og opgraderinger<\/strong>\u2014 n\u00f8gleelementer i den cirkul\u00e6re \u00f8konomi. Det betyder, at kokke kan v\u00e6re sikre p\u00e5, at ovnen er bygget til at holde.[\/elx_text_image][\/vc_column][\/vc_row][vc_row][vc_column][elx_heading text_color=&#8221;inherit&#8221;]Forretningskontinuitet i en afkarboniserende verden[\/elx_heading][vc_empty_space height=&#8221;15px&#8221;][vc_column_text]En yderligere fordel for kokke i dag er at v\u00e6lge apparater, der er fremtidssikre og klar til energiomstilling. Skiftet i f\u00f8devareservicesektoren drives af alternativer til gas og et stigende fokus p\u00e5 <strong>reduktion af energiforbrug og emissioner<\/strong>.<br \/>\nEfterh\u00e5nden som dette bliver mere udbredt gennem planlagte direktiver og regulering, beh\u00f8ver k\u00f8kkener udstyret med de nyeste <a href=\"https:\/\/www.electroluxprofessional.com\/dk\/skyline-industriovne\/\">SkyLine Combi Ovne<\/a> ikke at udskifte deres ovne for at tilpasse sig den uundg\u00e5elige omstilling.<br \/>\n&#8220;Vi er forpligtet til at udvikle stadig mere energieffektive produkter \u2014 samtidig med at vi udforsker nye alternativer, s\u00e5som brugen af brint,&#8221; siger Camilla Monefeldt Kirstein, BA President Food Europe.<br \/>\nSkyLine Combi Oven kan k\u00f8re med gasblandinger, der indeholder op til <strong>20% brint<\/strong>, hvilket forbereder k\u00f8kkener p\u00e5 fremtidige regulerings\u2011 og infrastruktur\u00e6ndringer, samtidig med at der sikres <strong>forretningskontinuitet<\/strong> uden behov for nye investeringer.[\/vc_column_text][\/vc_column][\/vc_row][vc_row content_placement=&#8221;middle&#8221;][vc_column][elx_heading text_color=&#8221;inherit&#8221;]Indbygget b\u00e6redygtighed, der er fremtidssikker[\/elx_heading][vc_empty_space height=&#8221;15px&#8221;][vc_column_text]Fra verificerede vand\u2011 og energibesparelser til <strong>Hydrogen Ready 20% kapacitet<\/strong> og <strong>Platin\u2011niveau reparationsevne<\/strong> afspejler den nyeste SkyLine Combi Ovn Electrolux Professional\u2019s vedvarende engagement i at forme hverdagen i k\u00f8kkenet. Efterh\u00e5nden som energisystemer udvikler sig, og forventningerne til b\u00e6redygtighed stiger, sikrer SkyLine, at professionelle k\u00f8kkener kan bev\u00e6ge sig fremad med tillid og uden kompromis.[\/vc_column_text][vc_empty_space height=&#8221;35px&#8221;][\/vc_column][\/vc_row][vc_row][vc_column][vc_empty_space height=&#8221;35px&#8221;][elx_button button_text=&#8221;L\u00e6s mere om SkyLine Combi-ovne&#8221; button_display_block=&#8221;display_block_on&#8221; button_alignment=&#8221;align_center&#8221; button_alignment_mobile=&#8221;text-center-mobile&#8221; button_link=&#8221;url:https%3A%2F%2Fwww.electroluxprofessional.com%2Fdk%2Fskyline-industriovne%2F&#8221;][vc_empty_space height=&#8221;35px&#8221;][\/vc_column][\/vc_row]<\/p>\n","protected":false},"excerpt":{"rendered":"<p>[vc_row][vc_column][vc_column_text]Den seneste version af SkyLine Combi Ovnen understreger Electrolux Professional\u2019s fortsatte engagement i at designe og levere b\u00e6redygtige l\u00f8sninger, der underst\u00f8tter den cirkul\u00e6re \u00f8konomi. Da SkyLine blev relanceret sidste \u00e5r, blev b\u00e6redygtighed placeret i centrum med h\u00e5ndgribelige, daglige fordele for kunderne, herunder m\u00e5lbare reduktioner i milj\u00f8p\u00e5virkning og driftsomkostninger.[\/vc_column_text][vc_empty_space height=&#8221;15px&#8221;][\/vc_column][\/vc_row][vc_row][vc_column][vc_empty_space height=&#8221;15px&#8221;][elx_text_image style_image=&#8221;image_square&#8221; image_position_mobile=&#8221;mobile-order-4&#8243; bg_row=&#8221;bg-download-white&#8221; lists=&#8221;%5B%7B%7D%5D&#8221; values=&#8221;%5B%7B%22tag_icon_title%22%3A%22h4%22%7D%5D&#8221; [&hellip;]<\/p>\n","protected":false},"author":1,"featured_media":31766,"comment_status":"closed","ping_status":"closed","sticky":false,"template":"","format":"standard","meta":{"footnotes":""},"categories":[96],"tags":[],"class_list":["post-32268","post","type-post","status-publish","format-standard","has-post-thumbnail","hentry","category-nyheder"],"acf":[],"yoast_head":"<!-- This site is optimized with the Yoast SEO plugin v23.3 - https:\/\/yoast.com\/wordpress\/plugins\/seo\/ -->\n<title>SkyLine Combi Oven Sets New Sustainability Standards | Electrolux Professional<\/title>\n<meta name=\"description\" content=\"The latest SkyLine Combi Oven from Electrolux Professional raises sustainability standards with hydrogen-ready capability, platinum-level repairability and measurable energy savings for future-proof professional kitchens.\" \/>\n<meta name=\"robots\" content=\"index, follow, max-snippet:-1, max-image-preview:large, max-video-preview:-1\" \/>\n<link rel=\"canonical\" href=\"https:\/\/www.electroluxprofessional.com\/dk\/skyline-combi-oven-new-sustainability-standards\/\" \/>\n<meta property=\"og:locale\" content=\"da_DK\" \/>\n<meta property=\"og:type\" content=\"article\" \/>\n<meta property=\"og:title\" content=\"SkyLine Combi Oven Sets New Sustainability Standards | Electrolux Professional\" \/>\n<meta property=\"og:description\" content=\"The latest SkyLine Combi Oven from Electrolux Professional raises sustainability standards with hydrogen-ready capability, platinum-level repairability and measurable energy savings for future-proof professional kitchens.\" \/>\n<meta property=\"og:url\" content=\"https:\/\/www.electroluxprofessional.com\/dk\/skyline-combi-oven-new-sustainability-standards\/\" \/>\n<meta property=\"og:site_name\" content=\"Electrolux Professional Danmark\" \/>\n<meta property=\"article:published_time\" content=\"2026-04-02T09:02:52+00:00\" \/>\n<meta property=\"article:modified_time\" content=\"2026-04-27T08:37:55+00:00\" \/>\n<meta property=\"og:image\" content=\"https:\/\/www.electroluxprofessional.com\/dk\/wp-content\/uploads\/2026\/03\/Immagine-news-UL-2000x400px.jpg\" \/>\n\t<meta property=\"og:image:width\" content=\"2000\" \/>\n\t<meta property=\"og:image:height\" content=\"400\" \/>\n\t<meta property=\"og:image:type\" content=\"image\/jpeg\" \/>\n<meta name=\"author\" content=\"Com21 Com21\" \/>\n<meta name=\"twitter:card\" content=\"summary_large_image\" \/>\n<meta name=\"twitter:label1\" content=\"Skrevet af\" \/>\n\t<meta name=\"twitter:data1\" content=\"Com21 Com21\" \/>\n\t<meta name=\"twitter:label2\" content=\"Estimeret l\u00e6setid\" \/>\n\t<meta name=\"twitter:data2\" content=\"3 minutter\" \/>\n<script type=\"application\/ld+json\" class=\"yoast-schema-graph\">{\"@context\":\"https:\/\/schema.org\",\"@graph\":[{\"@type\":\"WebPage\",\"@id\":\"https:\/\/www.electroluxprofessional.com\/dk\/skyline-combi-oven-new-sustainability-standards\/\",\"url\":\"https:\/\/www.electroluxprofessional.com\/dk\/skyline-combi-oven-new-sustainability-standards\/\",\"name\":\"SkyLine Combi Oven Sets New Sustainability Standards | Electrolux Professional\",\"isPartOf\":{\"@id\":\"https:\/\/www.electroluxprofessional.com\/dk\/#website\"},\"primaryImageOfPage\":{\"@id\":\"https:\/\/www.electroluxprofessional.com\/dk\/skyline-combi-oven-new-sustainability-standards\/#primaryimage\"},\"image\":{\"@id\":\"https:\/\/www.electroluxprofessional.com\/dk\/skyline-combi-oven-new-sustainability-standards\/#primaryimage\"},\"thumbnailUrl\":\"https:\/\/www.electroluxprofessional.com\/dk\/wp-content\/uploads\/2026\/03\/Immagine-news-UL-2000x400px.jpg\",\"datePublished\":\"2026-04-02T09:02:52+00:00\",\"dateModified\":\"2026-04-27T08:37:55+00:00\",\"author\":{\"@id\":\"https:\/\/www.electroluxprofessional.com\/dk\/#\/schema\/person\/9e4854000c5770be22f7f039b77db85d\"},\"description\":\"The latest SkyLine Combi Oven from Electrolux Professional raises sustainability standards with hydrogen-ready capability, platinum-level repairability and measurable energy savings for future-proof professional kitchens.\",\"breadcrumb\":{\"@id\":\"https:\/\/www.electroluxprofessional.com\/dk\/skyline-combi-oven-new-sustainability-standards\/#breadcrumb\"},\"inLanguage\":\"da-DK\",\"potentialAction\":[{\"@type\":\"ReadAction\",\"target\":[\"https:\/\/www.electroluxprofessional.com\/dk\/skyline-combi-oven-new-sustainability-standards\/\"]}]},{\"@type\":\"ImageObject\",\"inLanguage\":\"da-DK\",\"@id\":\"https:\/\/www.electroluxprofessional.com\/dk\/skyline-combi-oven-new-sustainability-standards\/#primaryimage\",\"url\":\"https:\/\/www.electroluxprofessional.com\/dk\/wp-content\/uploads\/2026\/03\/Immagine-news-UL-2000x400px.jpg\",\"contentUrl\":\"https:\/\/www.electroluxprofessional.com\/dk\/wp-content\/uploads\/2026\/03\/Immagine-news-UL-2000x400px.jpg\",\"width\":2000,\"height\":400},{\"@type\":\"BreadcrumbList\",\"@id\":\"https:\/\/www.electroluxprofessional.com\/dk\/skyline-combi-oven-new-sustainability-standards\/#breadcrumb\",\"itemListElement\":[{\"@type\":\"ListItem\",\"position\":1,\"name\":\"Home\",\"item\":\"https:\/\/www.electroluxprofessional.com\/dk\/\"},{\"@type\":\"ListItem\",\"position\":2,\"name\":\"SkyLine: Kombiovnen, der forts\u00e6tter med at s\u00e6tte nye standarder for b\u00e6redygtighed\"}]},{\"@type\":\"WebSite\",\"@id\":\"https:\/\/www.electroluxprofessional.com\/dk\/#website\",\"url\":\"https:\/\/www.electroluxprofessional.com\/dk\/\",\"name\":\"Electrolux Professional Danmark\",\"description\":\"\",\"potentialAction\":[{\"@type\":\"SearchAction\",\"target\":{\"@type\":\"EntryPoint\",\"urlTemplate\":\"https:\/\/www.electroluxprofessional.com\/dk\/?src={search_term_string}\"},\"query-input\":\"required name=search_term_string\"}],\"inLanguage\":\"da-DK\"},{\"@type\":\"Person\",\"@id\":\"https:\/\/www.electroluxprofessional.com\/dk\/#\/schema\/person\/9e4854000c5770be22f7f039b77db85d\",\"name\":\"Com21 Com21\",\"image\":{\"@type\":\"ImageObject\",\"inLanguage\":\"da-DK\",\"@id\":\"https:\/\/www.electroluxprofessional.com\/dk\/#\/schema\/person\/image\/\",\"url\":\"https:\/\/secure.gravatar.com\/avatar\/c85bb82a173a15fa539a2afef07bd298?s=96&d=mm&r=g\",\"contentUrl\":\"https:\/\/secure.gravatar.com\/avatar\/c85bb82a173a15fa539a2afef07bd298?s=96&d=mm&r=g\",\"caption\":\"Com21 Com21\"},\"url\":\"https:\/\/www.electroluxprofessional.com\/dk\/author\/eprwebmaster-jobinformatica-it\/\"}]}<\/script>\n<!-- \/ Yoast SEO plugin. -->","yoast_head_json":{"title":"SkyLine Combi Oven Sets New Sustainability Standards | Electrolux Professional","description":"The latest SkyLine Combi Oven from Electrolux Professional raises sustainability standards with hydrogen-ready capability, platinum-level repairability and measurable energy savings for future-proof professional kitchens.","robots":{"index":"index","follow":"follow","max-snippet":"max-snippet:-1","max-image-preview":"max-image-preview:large","max-video-preview":"max-video-preview:-1"},"canonical":"https:\/\/www.electroluxprofessional.com\/dk\/skyline-combi-oven-new-sustainability-standards\/","og_locale":"da_DK","og_type":"article","og_title":"SkyLine Combi Oven Sets New Sustainability Standards | Electrolux Professional","og_description":"The latest SkyLine Combi Oven from Electrolux Professional raises sustainability standards with hydrogen-ready capability, platinum-level repairability and measurable energy savings for future-proof professional kitchens.","og_url":"https:\/\/www.electroluxprofessional.com\/dk\/skyline-combi-oven-new-sustainability-standards\/","og_site_name":"Electrolux Professional Danmark","article_published_time":"2026-04-02T09:02:52+00:00","article_modified_time":"2026-04-27T08:37:55+00:00","og_image":[{"width":2000,"height":400,"url":"https:\/\/www.electroluxprofessional.com\/dk\/wp-content\/uploads\/2026\/03\/Immagine-news-UL-2000x400px.jpg","type":"image\/jpeg"}],"author":"Com21 Com21","twitter_card":"summary_large_image","twitter_misc":{"Skrevet af":"Com21 Com21","Estimeret l\u00e6setid":"3 minutter"},"schema":{"@context":"https:\/\/schema.org","@graph":[{"@type":"WebPage","@id":"https:\/\/www.electroluxprofessional.com\/dk\/skyline-combi-oven-new-sustainability-standards\/","url":"https:\/\/www.electroluxprofessional.com\/dk\/skyline-combi-oven-new-sustainability-standards\/","name":"SkyLine Combi Oven Sets New Sustainability Standards | Electrolux Professional","isPartOf":{"@id":"https:\/\/www.electroluxprofessional.com\/dk\/#website"},"primaryImageOfPage":{"@id":"https:\/\/www.electroluxprofessional.com\/dk\/skyline-combi-oven-new-sustainability-standards\/#primaryimage"},"image":{"@id":"https:\/\/www.electroluxprofessional.com\/dk\/skyline-combi-oven-new-sustainability-standards\/#primaryimage"},"thumbnailUrl":"https:\/\/www.electroluxprofessional.com\/dk\/wp-content\/uploads\/2026\/03\/Immagine-news-UL-2000x400px.jpg","datePublished":"2026-04-02T09:02:52+00:00","dateModified":"2026-04-27T08:37:55+00:00","author":{"@id":"https:\/\/www.electroluxprofessional.com\/dk\/#\/schema\/person\/9e4854000c5770be22f7f039b77db85d"},"description":"The latest SkyLine Combi Oven from Electrolux Professional raises sustainability standards with hydrogen-ready capability, platinum-level repairability and measurable energy savings for future-proof professional kitchens.","breadcrumb":{"@id":"https:\/\/www.electroluxprofessional.com\/dk\/skyline-combi-oven-new-sustainability-standards\/#breadcrumb"},"inLanguage":"da-DK","potentialAction":[{"@type":"ReadAction","target":["https:\/\/www.electroluxprofessional.com\/dk\/skyline-combi-oven-new-sustainability-standards\/"]}]},{"@type":"ImageObject","inLanguage":"da-DK","@id":"https:\/\/www.electroluxprofessional.com\/dk\/skyline-combi-oven-new-sustainability-standards\/#primaryimage","url":"https:\/\/www.electroluxprofessional.com\/dk\/wp-content\/uploads\/2026\/03\/Immagine-news-UL-2000x400px.jpg","contentUrl":"https:\/\/www.electroluxprofessional.com\/dk\/wp-content\/uploads\/2026\/03\/Immagine-news-UL-2000x400px.jpg","width":2000,"height":400},{"@type":"BreadcrumbList","@id":"https:\/\/www.electroluxprofessional.com\/dk\/skyline-combi-oven-new-sustainability-standards\/#breadcrumb","itemListElement":[{"@type":"ListItem","position":1,"name":"Home","item":"https:\/\/www.electroluxprofessional.com\/dk\/"},{"@type":"ListItem","position":2,"name":"SkyLine: Kombiovnen, der forts\u00e6tter med at s\u00e6tte nye standarder for b\u00e6redygtighed"}]},{"@type":"WebSite","@id":"https:\/\/www.electroluxprofessional.com\/dk\/#website","url":"https:\/\/www.electroluxprofessional.com\/dk\/","name":"Electrolux Professional Danmark","description":"","potentialAction":[{"@type":"SearchAction","target":{"@type":"EntryPoint","urlTemplate":"https:\/\/www.electroluxprofessional.com\/dk\/?src={search_term_string}"},"query-input":"required name=search_term_string"}],"inLanguage":"da-DK"},{"@type":"Person","@id":"https:\/\/www.electroluxprofessional.com\/dk\/#\/schema\/person\/9e4854000c5770be22f7f039b77db85d","name":"Com21 Com21","image":{"@type":"ImageObject","inLanguage":"da-DK","@id":"https:\/\/www.electroluxprofessional.com\/dk\/#\/schema\/person\/image\/","url":"https:\/\/secure.gravatar.com\/avatar\/c85bb82a173a15fa539a2afef07bd298?s=96&d=mm&r=g","contentUrl":"https:\/\/secure.gravatar.com\/avatar\/c85bb82a173a15fa539a2afef07bd298?s=96&d=mm&r=g","caption":"Com21 Com21"},"url":"https:\/\/www.electroluxprofessional.com\/dk\/author\/eprwebmaster-jobinformatica-it\/"}]}},"_links":{"self":[{"href":"https:\/\/www.electroluxprofessional.com\/dk\/wp-json\/wp\/v2\/posts\/32268"}],"collection":[{"href":"https:\/\/www.electroluxprofessional.com\/dk\/wp-json\/wp\/v2\/posts"}],"about":[{"href":"https:\/\/www.electroluxprofessional.com\/dk\/wp-json\/wp\/v2\/types\/post"}],"author":[{"embeddable":true,"href":"https:\/\/www.electroluxprofessional.com\/dk\/wp-json\/wp\/v2\/users\/1"}],"replies":[{"embeddable":true,"href":"https:\/\/www.electroluxprofessional.com\/dk\/wp-json\/wp\/v2\/comments?post=32268"}],"version-history":[{"count":4,"href":"https:\/\/www.electroluxprofessional.com\/dk\/wp-json\/wp\/v2\/posts\/32268\/revisions"}],"predecessor-version":[{"id":32524,"href":"https:\/\/www.electroluxprofessional.com\/dk\/wp-json\/wp\/v2\/posts\/32268\/revisions\/32524"}],"wp:featuredmedia":[{"embeddable":true,"href":"https:\/\/www.electroluxprofessional.com\/dk\/wp-json\/wp\/v2\/media\/31766"}],"wp:attachment":[{"href":"https:\/\/www.electroluxprofessional.com\/dk\/wp-json\/wp\/v2\/media?parent=32268"}],"wp:term":[{"taxonomy":"category","embeddable":true,"href":"https:\/\/www.electroluxprofessional.com\/dk\/wp-json\/wp\/v2\/categories?post=32268"},{"taxonomy":"post_tag","embeddable":true,"href":"https:\/\/www.electroluxprofessional.com\/dk\/wp-json\/wp\/v2\/tags?post=32268"}],"curies":[{"name":"wp","href":"https:\/\/api.w.org\/{rel}","templated":true}]}}