{"id":18827,"date":"2023-04-19T07:00:43","date_gmt":"2023-04-19T07:00:43","guid":{"rendered":"https:\/\/www.electroluxprofessional.com\/de\/?p=18827"},"modified":"2023-04-19T07:01:44","modified_gmt":"2023-04-19T07:01:44","slug":"verstaerkung-im-vertriebsteam-bayern","status":"publish","type":"post","link":"https:\/\/www.electroluxprofessional.com\/de\/verstaerkung-im-vertriebsteam-bayern\/","title":{"rendered":"Haubengekr\u00f6nter K\u00fcchenchef ist der neue Gebietsverkaufsleiter Bayern von Electrolux Professional"},"content":{"rendered":"<p>[vc_row][vc_column][vc_column_text]<strong>Seit dem 1. Oktober 2022 ist Sebastian Pfister bei Electrolux Professional Gebietsverkaufsleiter f\u00fcr professionelle Gro\u00dfk\u00fcchentechnik im Gro\u00dfraum Bayern. Der von renommierten Restaurantf\u00fchrern mehrfach ausgezeichnete Koch und ausgebildete Hotelfachmann betreut K\u00fcchenleiter, -fachh\u00e4ndler und -planer bei einer fachgerechten Ausstattung von Gro\u00dfk\u00fcchen mit den langlebigen, zuverl\u00e4ssigen und nachhaltigen Profi-L\u00f6sungen von Electrolux Professional.<\/strong><\/p>\n<p><img loading=\"lazy\" decoding=\"async\" class=\" wp-image-18828 alignleft\" src=\"https:\/\/www.electroluxprofessional.com\/de\/wp-content\/uploads\/2023\/04\/Sebastian-Pfister-225x300.jpg\" alt=\"Sebastian Pfister von Electrolux Professional\" width=\"246\" height=\"328\" srcset=\"https:\/\/www.electroluxprofessional.com\/de\/wp-content\/uploads\/2023\/04\/Sebastian-Pfister-225x300.jpg 225w, https:\/\/www.electroluxprofessional.com\/de\/wp-content\/uploads\/2023\/04\/Sebastian-Pfister.jpg 700w\" sizes=\"(max-width: 246px) 100vw, 246px\" \/>Der neue Verkaufsleiter Bayern von Electrolux Professional Gro\u00dfk\u00fcchentechnik, Sebastian Pfister, ist in der Gastronomie kein Unbekannter! Der 41-j\u00e4hrige gelernte Koch und Hotelfachmann war viele Jahren in angesagten Restaurants in Deutschland t\u00e4tig. Seine Karriere begann als K\u00fcchenchef im Guide Michelin genannten M\u00e1s-y-M\u00e1s in Freiburg. Von dort zog es ihn in die Bundeshauptstadt, wo er K\u00fcchenchef im Restaurant Neu wurde und sich seine erste Haube im Gault Millau erkochte. Dreieinhalb Jahre sp\u00e4ter ging er \u2013 erneut als K\u00fcchenchef &#8211; zum Parker Bowles in Berlin. Im September 2016 hing er die Sch\u00fcrze an den Nagel und wechselte in den Vertrieb. Lange Jahre war er f\u00fcr Food Service Equipment-Unternehmen im Verkauf in Bayern und Baden-W\u00fcrttemberg t\u00e4tig. Seine einzigartige Expertise vor und hinter dem Herd bringt Sebastian Pfister nun als Gebietsverkaufsleiter Bayern f\u00fcr Gro\u00dfk\u00fcchentechnik bei Electrolux Professional ein. Seit dem 1. Oktober 2022 ber\u00e4t der Spezialist sowohl die Entscheider in der K\u00fcche als auch K\u00fcchenplaner und -h\u00e4ndler bei der praxisgerechten Ausgestaltung einer Gro\u00dfk\u00fcche mit zuverl\u00e4ssigen und langlebigen Profi-L\u00f6sungen von Electrolux Professional.<\/p>\n<p>\u201eW\u00e4hrend meiner beruflichen Laufbahn bin ich immer wieder mit Electrolux Professional in Ber\u00fchrung gekommen und war stets von der einzigartigen Dienstleistung und den professionellen Gro\u00dfk\u00fcchen-L\u00f6sungen begeistert. Diese einzigartige Kombination ist ein unschlagbarer Vorteil von Electrolux Professional. Angesichts immer komplexer werdenden Aufgaben in der HORECA-Branche kann ich meine langj\u00e4hrigen Erfahrungen in der K\u00fcche und im Vertrieb optimal im Unternehmen einbringen. Dabei sch\u00e4tze ich besonders die Begegnung auf Augenh\u00f6he &#8211; also von Koch zu Koch \u2013 und die enge Zusammenarbeit mit K\u00fcchenchefs, Restaurantleitern und Betriebsgastronomen. Auf der anderen Seite ist es mir ein Anliegen, K\u00fcchenplaner und -h\u00e4ndler bei der professionellen Ausstattung von Gro\u00dfk\u00fcchen zu beraten. Die Funktion des Verkaufsleiters bei Electrolux Professional vereint beide Facetten, was die Arbeit besonders abwechslungsreich macht. Das Vertriebsgebiet Bayern ist au\u00dferdem ein Sahneh\u00e4ubchen, denn als geb\u00fcrtiger Memminger bin ich wieder in meine alte Heimat zur\u00fcckgekehrt!\u201c, sagt Sebastian Pfister, Gebietsverkaufsleiter Bayern von Electrolux Professional.[\/vc_column_text][\/vc_column][\/vc_row]<\/p>\n","protected":false},"excerpt":{"rendered":"<p>[vc_row][vc_column][vc_column_text]Seit dem 1. Oktober 2022 ist Sebastian Pfister bei Electrolux Professional Gebietsverkaufsleiter f\u00fcr professionelle Gro\u00dfk\u00fcchentechnik im Gro\u00dfraum Bayern. Der von renommierten Restaurantf\u00fchrern mehrfach ausgezeichnete Koch und ausgebildete Hotelfachmann betreut K\u00fcchenleiter, -fachh\u00e4ndler und -planer bei einer fachgerechten Ausstattung von Gro\u00dfk\u00fcchen mit den langlebigen, zuverl\u00e4ssigen und nachhaltigen Profi-L\u00f6sungen von Electrolux Professional. Der neue Verkaufsleiter Bayern von Electrolux [&hellip;]<\/p>\n","protected":false},"author":554,"featured_media":18242,"comment_status":"closed","ping_status":"closed","sticky":false,"template":"","format":"standard","meta":{"footnotes":""},"categories":[357],"tags":[],"class_list":["post-18827","post","type-post","status-publish","format-standard","has-post-thumbnail","hentry","category-personal"],"acf":[],"yoast_head":"<!-- This site is optimized with the Yoast SEO plugin v23.3 - https:\/\/yoast.com\/wordpress\/plugins\/seo\/ -->\n<title>Neuer Gebietsverkaufsleiter Bayern - Electrolux Professional<\/title>\n<meta name=\"description\" content=\"Seit Oktober 2022 ist Sebastian Pfister bei Electrolux Professional Gebietsverkaufsleiter f\u00fcr professionelle Gro\u00dfk\u00fcchentechnik in Bayern.\" \/>\n<meta name=\"robots\" content=\"index, follow, max-snippet:-1, max-image-preview:large, max-video-preview:-1\" \/>\n<link rel=\"canonical\" href=\"https:\/\/www.electroluxprofessional.com\/de\/verstaerkung-im-vertriebsteam-bayern\/\" \/>\n<meta property=\"og:locale\" content=\"de_DE\" \/>\n<meta property=\"og:type\" content=\"article\" \/>\n<meta property=\"og:title\" content=\"Neuer Gebietsverkaufsleiter Bayern - Electrolux Professional\" \/>\n<meta property=\"og:description\" content=\"Seit Oktober 2022 ist Sebastian Pfister bei Electrolux Professional Gebietsverkaufsleiter f\u00fcr professionelle Gro\u00dfk\u00fcchentechnik in Bayern.\" \/>\n<meta property=\"og:url\" content=\"https:\/\/www.electroluxprofessional.com\/de\/verstaerkung-im-vertriebsteam-bayern\/\" \/>\n<meta property=\"og:site_name\" content=\"Electrolux Professional Deutschland\" \/>\n<meta property=\"article:published_time\" content=\"2023-04-19T07:00:43+00:00\" \/>\n<meta property=\"article:modified_time\" content=\"2023-04-19T07:01:44+00:00\" \/>\n<meta property=\"og:image\" content=\"https:\/\/www.electroluxprofessional.com\/de\/wp-content\/uploads\/2023\/01\/Header_Ueber-uns-1.jpg\" \/>\n\t<meta property=\"og:image:width\" content=\"2000\" \/>\n\t<meta property=\"og:image:height\" content=\"400\" \/>\n\t<meta property=\"og:image:type\" content=\"image\/jpeg\" \/>\n<meta name=\"author\" content=\"lara.kaiser@electroluxprofessional.com\" \/>\n<meta name=\"twitter:card\" content=\"summary_large_image\" \/>\n<meta name=\"twitter:label1\" content=\"Verfasst von\" \/>\n\t<meta name=\"twitter:data1\" content=\"lara.kaiser@electroluxprofessional.com\" \/>\n\t<meta name=\"twitter:label2\" content=\"Gesch\u00e4tzte Lesezeit\" \/>\n\t<meta name=\"twitter:data2\" content=\"2 Minuten\" \/>\n<script type=\"application\/ld+json\" class=\"yoast-schema-graph\">{\"@context\":\"https:\/\/schema.org\",\"@graph\":[{\"@type\":\"WebPage\",\"@id\":\"https:\/\/www.electroluxprofessional.com\/de\/verstaerkung-im-vertriebsteam-bayern\/\",\"url\":\"https:\/\/www.electroluxprofessional.com\/de\/verstaerkung-im-vertriebsteam-bayern\/\",\"name\":\"Neuer Gebietsverkaufsleiter Bayern - Electrolux Professional\",\"isPartOf\":{\"@id\":\"https:\/\/www.electroluxprofessional.com\/de\/#website\"},\"primaryImageOfPage\":{\"@id\":\"https:\/\/www.electroluxprofessional.com\/de\/verstaerkung-im-vertriebsteam-bayern\/#primaryimage\"},\"image\":{\"@id\":\"https:\/\/www.electroluxprofessional.com\/de\/verstaerkung-im-vertriebsteam-bayern\/#primaryimage\"},\"thumbnailUrl\":\"https:\/\/www.electroluxprofessional.com\/de\/wp-content\/uploads\/2023\/01\/Header_Ueber-uns-1.jpg\",\"datePublished\":\"2023-04-19T07:00:43+00:00\",\"dateModified\":\"2023-04-19T07:01:44+00:00\",\"author\":{\"@id\":\"https:\/\/www.electroluxprofessional.com\/de\/#\/schema\/person\/fbfd3bb3d9bda7d60d8999bc844fea68\"},\"description\":\"Seit Oktober 2022 ist Sebastian Pfister bei Electrolux Professional Gebietsverkaufsleiter f\u00fcr professionelle Gro\u00dfk\u00fcchentechnik in Bayern.\",\"breadcrumb\":{\"@id\":\"https:\/\/www.electroluxprofessional.com\/de\/verstaerkung-im-vertriebsteam-bayern\/#breadcrumb\"},\"inLanguage\":\"de-DE\",\"potentialAction\":[{\"@type\":\"ReadAction\",\"target\":[\"https:\/\/www.electroluxprofessional.com\/de\/verstaerkung-im-vertriebsteam-bayern\/\"]}]},{\"@type\":\"ImageObject\",\"inLanguage\":\"de-DE\",\"@id\":\"https:\/\/www.electroluxprofessional.com\/de\/verstaerkung-im-vertriebsteam-bayern\/#primaryimage\",\"url\":\"https:\/\/www.electroluxprofessional.com\/de\/wp-content\/uploads\/2023\/01\/Header_Ueber-uns-1.jpg\",\"contentUrl\":\"https:\/\/www.electroluxprofessional.com\/de\/wp-content\/uploads\/2023\/01\/Header_Ueber-uns-1.jpg\",\"width\":2000,\"height\":400,\"caption\":\"Gro\u00dfk\u00fcchentechnik und W\u00e4schereil\u00f6sungen von Electrolux Professional\"},{\"@type\":\"BreadcrumbList\",\"@id\":\"https:\/\/www.electroluxprofessional.com\/de\/verstaerkung-im-vertriebsteam-bayern\/#breadcrumb\",\"itemListElement\":[{\"@type\":\"ListItem\",\"position\":1,\"name\":\"Startseite\",\"item\":\"https:\/\/www.electroluxprofessional.com\/de\/\"},{\"@type\":\"ListItem\",\"position\":2,\"name\":\"Haubengekr\u00f6nter K\u00fcchenchef ist der neue Gebietsverkaufsleiter Bayern von Electrolux Professional\"}]},{\"@type\":\"WebSite\",\"@id\":\"https:\/\/www.electroluxprofessional.com\/de\/#website\",\"url\":\"https:\/\/www.electroluxprofessional.com\/de\/\",\"name\":\"Electrolux Professional Deutschland\",\"description\":\"\",\"potentialAction\":[{\"@type\":\"SearchAction\",\"target\":{\"@type\":\"EntryPoint\",\"urlTemplate\":\"https:\/\/www.electroluxprofessional.com\/de\/?src={search_term_string}\"},\"query-input\":\"required name=search_term_string\"}],\"inLanguage\":\"de-DE\"},{\"@type\":\"Person\",\"@id\":\"https:\/\/www.electroluxprofessional.com\/de\/#\/schema\/person\/fbfd3bb3d9bda7d60d8999bc844fea68\",\"name\":\"lara.kaiser@electroluxprofessional.com\",\"image\":{\"@type\":\"ImageObject\",\"inLanguage\":\"de-DE\",\"@id\":\"https:\/\/www.electroluxprofessional.com\/de\/#\/schema\/person\/image\/\",\"url\":\"https:\/\/secure.gravatar.com\/avatar\/108da25f231b5ec4bf32f0cf655853d5?s=96&d=mm&r=g\",\"contentUrl\":\"https:\/\/secure.gravatar.com\/avatar\/108da25f231b5ec4bf32f0cf655853d5?s=96&d=mm&r=g\",\"caption\":\"lara.kaiser@electroluxprofessional.com\"},\"url\":\"https:\/\/www.electroluxprofessional.com\/de\/author\/lara-kaiser\/\"}]}<\/script>\n<!-- \/ Yoast SEO plugin. -->","yoast_head_json":{"title":"Neuer Gebietsverkaufsleiter Bayern - Electrolux Professional","description":"Seit Oktober 2022 ist Sebastian Pfister bei Electrolux Professional Gebietsverkaufsleiter f\u00fcr professionelle Gro\u00dfk\u00fcchentechnik in Bayern.","robots":{"index":"index","follow":"follow","max-snippet":"max-snippet:-1","max-image-preview":"max-image-preview:large","max-video-preview":"max-video-preview:-1"},"canonical":"https:\/\/www.electroluxprofessional.com\/de\/verstaerkung-im-vertriebsteam-bayern\/","og_locale":"de_DE","og_type":"article","og_title":"Neuer Gebietsverkaufsleiter Bayern - Electrolux Professional","og_description":"Seit Oktober 2022 ist Sebastian Pfister bei Electrolux Professional Gebietsverkaufsleiter f\u00fcr professionelle Gro\u00dfk\u00fcchentechnik in Bayern.","og_url":"https:\/\/www.electroluxprofessional.com\/de\/verstaerkung-im-vertriebsteam-bayern\/","og_site_name":"Electrolux Professional Deutschland","article_published_time":"2023-04-19T07:00:43+00:00","article_modified_time":"2023-04-19T07:01:44+00:00","og_image":[{"width":2000,"height":400,"url":"https:\/\/www.electroluxprofessional.com\/de\/wp-content\/uploads\/2023\/01\/Header_Ueber-uns-1.jpg","type":"image\/jpeg"}],"author":"lara.kaiser@electroluxprofessional.com","twitter_card":"summary_large_image","twitter_misc":{"Verfasst von":"lara.kaiser@electroluxprofessional.com","Gesch\u00e4tzte Lesezeit":"2 Minuten"},"schema":{"@context":"https:\/\/schema.org","@graph":[{"@type":"WebPage","@id":"https:\/\/www.electroluxprofessional.com\/de\/verstaerkung-im-vertriebsteam-bayern\/","url":"https:\/\/www.electroluxprofessional.com\/de\/verstaerkung-im-vertriebsteam-bayern\/","name":"Neuer Gebietsverkaufsleiter Bayern - Electrolux Professional","isPartOf":{"@id":"https:\/\/www.electroluxprofessional.com\/de\/#website"},"primaryImageOfPage":{"@id":"https:\/\/www.electroluxprofessional.com\/de\/verstaerkung-im-vertriebsteam-bayern\/#primaryimage"},"image":{"@id":"https:\/\/www.electroluxprofessional.com\/de\/verstaerkung-im-vertriebsteam-bayern\/#primaryimage"},"thumbnailUrl":"https:\/\/www.electroluxprofessional.com\/de\/wp-content\/uploads\/2023\/01\/Header_Ueber-uns-1.jpg","datePublished":"2023-04-19T07:00:43+00:00","dateModified":"2023-04-19T07:01:44+00:00","author":{"@id":"https:\/\/www.electroluxprofessional.com\/de\/#\/schema\/person\/fbfd3bb3d9bda7d60d8999bc844fea68"},"description":"Seit Oktober 2022 ist Sebastian Pfister bei Electrolux Professional Gebietsverkaufsleiter f\u00fcr professionelle Gro\u00dfk\u00fcchentechnik in Bayern.","breadcrumb":{"@id":"https:\/\/www.electroluxprofessional.com\/de\/verstaerkung-im-vertriebsteam-bayern\/#breadcrumb"},"inLanguage":"de-DE","potentialAction":[{"@type":"ReadAction","target":["https:\/\/www.electroluxprofessional.com\/de\/verstaerkung-im-vertriebsteam-bayern\/"]}]},{"@type":"ImageObject","inLanguage":"de-DE","@id":"https:\/\/www.electroluxprofessional.com\/de\/verstaerkung-im-vertriebsteam-bayern\/#primaryimage","url":"https:\/\/www.electroluxprofessional.com\/de\/wp-content\/uploads\/2023\/01\/Header_Ueber-uns-1.jpg","contentUrl":"https:\/\/www.electroluxprofessional.com\/de\/wp-content\/uploads\/2023\/01\/Header_Ueber-uns-1.jpg","width":2000,"height":400,"caption":"Gro\u00dfk\u00fcchentechnik und W\u00e4schereil\u00f6sungen von Electrolux Professional"},{"@type":"BreadcrumbList","@id":"https:\/\/www.electroluxprofessional.com\/de\/verstaerkung-im-vertriebsteam-bayern\/#breadcrumb","itemListElement":[{"@type":"ListItem","position":1,"name":"Startseite","item":"https:\/\/www.electroluxprofessional.com\/de\/"},{"@type":"ListItem","position":2,"name":"Haubengekr\u00f6nter K\u00fcchenchef ist der neue Gebietsverkaufsleiter Bayern von Electrolux Professional"}]},{"@type":"WebSite","@id":"https:\/\/www.electroluxprofessional.com\/de\/#website","url":"https:\/\/www.electroluxprofessional.com\/de\/","name":"Electrolux Professional Deutschland","description":"","potentialAction":[{"@type":"SearchAction","target":{"@type":"EntryPoint","urlTemplate":"https:\/\/www.electroluxprofessional.com\/de\/?src={search_term_string}"},"query-input":"required name=search_term_string"}],"inLanguage":"de-DE"},{"@type":"Person","@id":"https:\/\/www.electroluxprofessional.com\/de\/#\/schema\/person\/fbfd3bb3d9bda7d60d8999bc844fea68","name":"lara.kaiser@electroluxprofessional.com","image":{"@type":"ImageObject","inLanguage":"de-DE","@id":"https:\/\/www.electroluxprofessional.com\/de\/#\/schema\/person\/image\/","url":"https:\/\/secure.gravatar.com\/avatar\/108da25f231b5ec4bf32f0cf655853d5?s=96&d=mm&r=g","contentUrl":"https:\/\/secure.gravatar.com\/avatar\/108da25f231b5ec4bf32f0cf655853d5?s=96&d=mm&r=g","caption":"lara.kaiser@electroluxprofessional.com"},"url":"https:\/\/www.electroluxprofessional.com\/de\/author\/lara-kaiser\/"}]}},"_links":{"self":[{"href":"https:\/\/www.electroluxprofessional.com\/de\/wp-json\/wp\/v2\/posts\/18827"}],"collection":[{"href":"https:\/\/www.electroluxprofessional.com\/de\/wp-json\/wp\/v2\/posts"}],"about":[{"href":"https:\/\/www.electroluxprofessional.com\/de\/wp-json\/wp\/v2\/types\/post"}],"author":[{"embeddable":true,"href":"https:\/\/www.electroluxprofessional.com\/de\/wp-json\/wp\/v2\/users\/554"}],"replies":[{"embeddable":true,"href":"https:\/\/www.electroluxprofessional.com\/de\/wp-json\/wp\/v2\/comments?post=18827"}],"version-history":[{"count":3,"href":"https:\/\/www.electroluxprofessional.com\/de\/wp-json\/wp\/v2\/posts\/18827\/revisions"}],"predecessor-version":[{"id":18831,"href":"https:\/\/www.electroluxprofessional.com\/de\/wp-json\/wp\/v2\/posts\/18827\/revisions\/18831"}],"wp:featuredmedia":[{"embeddable":true,"href":"https:\/\/www.electroluxprofessional.com\/de\/wp-json\/wp\/v2\/media\/18242"}],"wp:attachment":[{"href":"https:\/\/www.electroluxprofessional.com\/de\/wp-json\/wp\/v2\/media?parent=18827"}],"wp:term":[{"taxonomy":"category","embeddable":true,"href":"https:\/\/www.electroluxprofessional.com\/de\/wp-json\/wp\/v2\/categories?post=18827"},{"taxonomy":"post_tag","embeddable":true,"href":"https:\/\/www.electroluxprofessional.com\/de\/wp-json\/wp\/v2\/tags?post=18827"}],"curies":[{"name":"wp","href":"https:\/\/api.w.org\/{rel}","templated":true}]}}