{"id":11812,"date":"2021-02-05T07:55:28","date_gmt":"2021-02-05T07:55:28","guid":{"rendered":"https:\/\/www.electroluxprofessional.com\/de\/?p=11812"},"modified":"2021-02-05T07:55:28","modified_gmt":"2021-02-05T07:55:28","slug":"unser-valentinsmenue-2021-fuer-ihr-to-go-geschaeft","status":"publish","type":"post","link":"https:\/\/www.electroluxprofessional.com\/de\/unser-valentinsmenue-2021-fuer-ihr-to-go-geschaeft\/","title":{"rendered":"Unser Valentinsmen\u00fc f\u00fcr Ihr To-Go-Gesch\u00e4ft"},"content":{"rendered":"<p>[vc_row][vc_column width=&#8221;1\/2&#8243;][vc_column_text]Liebe Gastronomen,<\/p>\n<p>unsere K\u00fcchenchefin Helene Kunz hat ein Valentinsmen\u00fc kreiert, das ideal f\u00fcr Ihr To-Go-Gesch\u00e4ft ist.<\/p>\n<p>Es eignet sich f\u00fcr den Transport, kann gut vorbereitet werden und der Hauptgang bleibt lange hei\u00df.<\/p>\n<p>Hier k\u00f6nnen Sie die Rezepte herunterladen. Wir w\u00fcnschen einen sch\u00f6nen Valentinstag.<\/p>\n<p>Ihr Electrolux Professional Team[\/vc_column_text][vc_empty_space][\/vc_column][vc_column width=&#8221;1\/2&#8243;][vc_empty_space][elx_download_block text=&#8221;Valentinsmen\u00fc&#8221; text_color=&#8221;electrolux-blue&#8221; file_picker=&#8221;11821&#8243; background_color=&#8221;inherit&#8221; background_hover_color=&#8221;lighter-hover&#8221; background_image=&#8221;11814&#8243;][elx_image_block background_image=&#8221;11815&#8243; minimum_height=&#8221;250px&#8221;][\/vc_column][\/vc_row][vc_row][vc_column][elx_social_share position=&#8221;right&#8221;][\/vc_column][\/vc_row][vc_row][vc_column width=&#8221;1\/3&#8243;][elx_maylike_box id_box=&#8221;274&#8243; link_target=&#8221;blank&#8221; matched_labels=&#8221;&#8221;][\/vc_column][vc_column width=&#8221;1\/3&#8243;][elx_maylike_box id_box=&#8221;7463&#8243; link_target=&#8221;blank&#8221; matched_labels=&#8221;&#8221;][\/vc_column][vc_column width=&#8221;1\/3&#8243;][elx_maylike_box id_box=&#8221;727&#8243; link_target=&#8221;blank&#8221; matched_labels=&#8221;&#8221;][\/vc_column][\/vc_row]<\/p>\n","protected":false},"excerpt":{"rendered":"<p>[vc_row][vc_column width=&#8221;1\/2&#8243;][vc_column_text]Liebe Gastronomen, unsere K\u00fcchenchefin Helene Kunz hat ein Valentinsmen\u00fc kreiert, das ideal f\u00fcr Ihr To-Go-Gesch\u00e4ft ist. Es eignet sich f\u00fcr den Transport, kann gut vorbereitet werden und der Hauptgang bleibt lange hei\u00df. Hier k\u00f6nnen Sie die Rezepte herunterladen. Wir w\u00fcnschen einen sch\u00f6nen Valentinstag. Ihr Electrolux Professional Team[\/vc_column_text][vc_empty_space][\/vc_column][vc_column width=&#8221;1\/2&#8243;][vc_empty_space][elx_download_block text=&#8221;Valentinsmen\u00fc&#8221; text_color=&#8221;electrolux-blue&#8221; file_picker=&#8221;11821&#8243; background_color=&#8221;inherit&#8221; background_hover_color=&#8221;lighter-hover&#8221; background_image=&#8221;11814&#8243;][elx_image_block [&hellip;]<\/p>\n","protected":false},"author":161,"featured_media":11817,"comment_status":"closed","ping_status":"closed","sticky":false,"template":"","format":"standard","meta":{"footnotes":""},"categories":[231],"tags":[131,292,290,202,273,286,293,291,289],"class_list":["post-11812","post","type-post","status-publish","format-standard","has-post-thumbnail","hentry","category-food","tag-gastronomie","tag-inspiration","tag-menu","tag-rezepte","tag-take-away","tag-to-go","tag-to-go-geschaeft","tag-valentinsmenue","tag-valentinstag"],"acf":[],"yoast_head":"<!-- This site is optimized with the Yoast SEO plugin v23.3 - https:\/\/yoast.com\/wordpress\/plugins\/seo\/ -->\n<title>Valentinsmen\u00fc 2021 f\u00fcr Ihr To-Go-Gesch\u00e4ft - Electrolux Professional<\/title>\n<meta name=\"description\" content=\"Sie suchen noch nach Inspirationen f\u00fcr Ihr Valentinsmen\u00fc 2021? Unsere K\u00fcchenchefin Helene Kunz hat ein Men\u00fc f\u00fcr Ihr To-Go-Gesch\u00e4ft kreiert. Es ist ideal f\u00fcr den Transport, kann gut vorbereitet werden und der Hauptgang bleibt lange hei\u00df. Hier k\u00f6nnen Sie die Rezepte herunterladen.\" \/>\n<meta name=\"robots\" content=\"index, follow, max-snippet:-1, max-image-preview:large, max-video-preview:-1\" \/>\n<link rel=\"canonical\" href=\"https:\/\/www.electroluxprofessional.com\/de\/unser-valentinsmenue-2021-fuer-ihr-to-go-geschaeft\/\" \/>\n<meta property=\"og:locale\" content=\"de_DE\" \/>\n<meta property=\"og:type\" content=\"article\" \/>\n<meta property=\"og:title\" content=\"Valentinsmen\u00fc 2021 f\u00fcr Ihr To-Go-Gesch\u00e4ft - Electrolux Professional\" \/>\n<meta property=\"og:description\" content=\"Sie suchen noch nach Inspirationen f\u00fcr Ihr Valentinsmen\u00fc 2021? Unsere K\u00fcchenchefin Helene Kunz hat ein Men\u00fc f\u00fcr Ihr To-Go-Gesch\u00e4ft kreiert. Es ist ideal f\u00fcr den Transport, kann gut vorbereitet werden und der Hauptgang bleibt lange hei\u00df. Hier k\u00f6nnen Sie die Rezepte herunterladen.\" \/>\n<meta property=\"og:url\" content=\"https:\/\/www.electroluxprofessional.com\/de\/unser-valentinsmenue-2021-fuer-ihr-to-go-geschaeft\/\" \/>\n<meta property=\"og:site_name\" content=\"Electrolux Professional Deutschland\" \/>\n<meta property=\"article:published_time\" content=\"2021-02-05T07:55:28+00:00\" \/>\n<meta property=\"og:image\" content=\"https:\/\/www.electroluxprofessional.com\/de\/wp-content\/uploads\/2021\/02\/Vorspeise2bb.jpg\" \/>\n\t<meta property=\"og:image:width\" content=\"1500\" \/>\n\t<meta property=\"og:image:height\" content=\"1127\" \/>\n\t<meta property=\"og:image:type\" content=\"image\/jpeg\" \/>\n<meta name=\"author\" content=\"bostjan.berglez@electroluxprofessional.com\" \/>\n<meta name=\"twitter:card\" content=\"summary_large_image\" \/>\n<meta name=\"twitter:label1\" content=\"Verfasst von\" \/>\n\t<meta name=\"twitter:data1\" content=\"bostjan.berglez@electroluxprofessional.com\" \/>\n\t<meta name=\"twitter:label2\" content=\"Gesch\u00e4tzte Lesezeit\" \/>\n\t<meta name=\"twitter:data2\" content=\"1 Minute\" \/>\n<script type=\"application\/ld+json\" class=\"yoast-schema-graph\">{\"@context\":\"https:\/\/schema.org\",\"@graph\":[{\"@type\":\"WebPage\",\"@id\":\"https:\/\/www.electroluxprofessional.com\/de\/unser-valentinsmenue-2021-fuer-ihr-to-go-geschaeft\/\",\"url\":\"https:\/\/www.electroluxprofessional.com\/de\/unser-valentinsmenue-2021-fuer-ihr-to-go-geschaeft\/\",\"name\":\"Valentinsmen\u00fc 2021 f\u00fcr Ihr To-Go-Gesch\u00e4ft - Electrolux Professional\",\"isPartOf\":{\"@id\":\"https:\/\/www.electroluxprofessional.com\/de\/#website\"},\"primaryImageOfPage\":{\"@id\":\"https:\/\/www.electroluxprofessional.com\/de\/unser-valentinsmenue-2021-fuer-ihr-to-go-geschaeft\/#primaryimage\"},\"image\":{\"@id\":\"https:\/\/www.electroluxprofessional.com\/de\/unser-valentinsmenue-2021-fuer-ihr-to-go-geschaeft\/#primaryimage\"},\"thumbnailUrl\":\"https:\/\/www.electroluxprofessional.com\/de\/wp-content\/uploads\/2021\/02\/Vorspeise2bb.jpg\",\"datePublished\":\"2021-02-05T07:55:28+00:00\",\"dateModified\":\"2021-02-05T07:55:28+00:00\",\"author\":{\"@id\":\"https:\/\/www.electroluxprofessional.com\/de\/#\/schema\/person\/e4a9e9c23da69c37dd2d3f1357045a4d\"},\"description\":\"Sie suchen noch nach Inspirationen f\u00fcr Ihr Valentinsmen\u00fc 2021? Unsere K\u00fcchenchefin Helene Kunz hat ein Men\u00fc f\u00fcr Ihr To-Go-Gesch\u00e4ft kreiert. Es ist ideal f\u00fcr den Transport, kann gut vorbereitet werden und der Hauptgang bleibt lange hei\u00df. Hier k\u00f6nnen Sie die Rezepte herunterladen.\",\"breadcrumb\":{\"@id\":\"https:\/\/www.electroluxprofessional.com\/de\/unser-valentinsmenue-2021-fuer-ihr-to-go-geschaeft\/#breadcrumb\"},\"inLanguage\":\"de-DE\",\"potentialAction\":[{\"@type\":\"ReadAction\",\"target\":[\"https:\/\/www.electroluxprofessional.com\/de\/unser-valentinsmenue-2021-fuer-ihr-to-go-geschaeft\/\"]}]},{\"@type\":\"ImageObject\",\"inLanguage\":\"de-DE\",\"@id\":\"https:\/\/www.electroluxprofessional.com\/de\/unser-valentinsmenue-2021-fuer-ihr-to-go-geschaeft\/#primaryimage\",\"url\":\"https:\/\/www.electroluxprofessional.com\/de\/wp-content\/uploads\/2021\/02\/Vorspeise2bb.jpg\",\"contentUrl\":\"https:\/\/www.electroluxprofessional.com\/de\/wp-content\/uploads\/2021\/02\/Vorspeise2bb.jpg\",\"width\":1500,\"height\":1127,\"caption\":\"Vorspeise2bb\"},{\"@type\":\"BreadcrumbList\",\"@id\":\"https:\/\/www.electroluxprofessional.com\/de\/unser-valentinsmenue-2021-fuer-ihr-to-go-geschaeft\/#breadcrumb\",\"itemListElement\":[{\"@type\":\"ListItem\",\"position\":1,\"name\":\"Startseite\",\"item\":\"https:\/\/www.electroluxprofessional.com\/de\/\"},{\"@type\":\"ListItem\",\"position\":2,\"name\":\"Unser Valentinsmen\u00fc f\u00fcr Ihr To-Go-Gesch\u00e4ft\"}]},{\"@type\":\"WebSite\",\"@id\":\"https:\/\/www.electroluxprofessional.com\/de\/#website\",\"url\":\"https:\/\/www.electroluxprofessional.com\/de\/\",\"name\":\"Electrolux Professional Deutschland\",\"description\":\"\",\"potentialAction\":[{\"@type\":\"SearchAction\",\"target\":{\"@type\":\"EntryPoint\",\"urlTemplate\":\"https:\/\/www.electroluxprofessional.com\/de\/?src={search_term_string}\"},\"query-input\":\"required name=search_term_string\"}],\"inLanguage\":\"de-DE\"},{\"@type\":\"Person\",\"@id\":\"https:\/\/www.electroluxprofessional.com\/de\/#\/schema\/person\/e4a9e9c23da69c37dd2d3f1357045a4d\",\"name\":\"bostjan.berglez@electroluxprofessional.com\",\"image\":{\"@type\":\"ImageObject\",\"inLanguage\":\"de-DE\",\"@id\":\"https:\/\/www.electroluxprofessional.com\/de\/#\/schema\/person\/image\/\",\"url\":\"https:\/\/secure.gravatar.com\/avatar\/17f3a6030f4687c08700d5f172712b95?s=96&d=mm&r=g\",\"contentUrl\":\"https:\/\/secure.gravatar.com\/avatar\/17f3a6030f4687c08700d5f172712b95?s=96&d=mm&r=g\",\"caption\":\"bostjan.berglez@electroluxprofessional.com\"},\"url\":\"https:\/\/www.electroluxprofessional.com\/de\/author\/bostjan-berglez-electroluxprofessional-com\/\"}]}<\/script>\n<!-- \/ Yoast SEO plugin. -->","yoast_head_json":{"title":"Valentinsmen\u00fc 2021 f\u00fcr Ihr To-Go-Gesch\u00e4ft - Electrolux Professional","description":"Sie suchen noch nach Inspirationen f\u00fcr Ihr Valentinsmen\u00fc 2021? Unsere K\u00fcchenchefin Helene Kunz hat ein Men\u00fc f\u00fcr Ihr To-Go-Gesch\u00e4ft kreiert. Es ist ideal f\u00fcr den Transport, kann gut vorbereitet werden und der Hauptgang bleibt lange hei\u00df. Hier k\u00f6nnen Sie die Rezepte herunterladen.","robots":{"index":"index","follow":"follow","max-snippet":"max-snippet:-1","max-image-preview":"max-image-preview:large","max-video-preview":"max-video-preview:-1"},"canonical":"https:\/\/www.electroluxprofessional.com\/de\/unser-valentinsmenue-2021-fuer-ihr-to-go-geschaeft\/","og_locale":"de_DE","og_type":"article","og_title":"Valentinsmen\u00fc 2021 f\u00fcr Ihr To-Go-Gesch\u00e4ft - Electrolux Professional","og_description":"Sie suchen noch nach Inspirationen f\u00fcr Ihr Valentinsmen\u00fc 2021? Unsere K\u00fcchenchefin Helene Kunz hat ein Men\u00fc f\u00fcr Ihr To-Go-Gesch\u00e4ft kreiert. Es ist ideal f\u00fcr den Transport, kann gut vorbereitet werden und der Hauptgang bleibt lange hei\u00df. Hier k\u00f6nnen Sie die Rezepte herunterladen.","og_url":"https:\/\/www.electroluxprofessional.com\/de\/unser-valentinsmenue-2021-fuer-ihr-to-go-geschaeft\/","og_site_name":"Electrolux Professional Deutschland","article_published_time":"2021-02-05T07:55:28+00:00","og_image":[{"width":1500,"height":1127,"url":"https:\/\/www.electroluxprofessional.com\/de\/wp-content\/uploads\/2021\/02\/Vorspeise2bb.jpg","type":"image\/jpeg"}],"author":"bostjan.berglez@electroluxprofessional.com","twitter_card":"summary_large_image","twitter_misc":{"Verfasst von":"bostjan.berglez@electroluxprofessional.com","Gesch\u00e4tzte Lesezeit":"1 Minute"},"schema":{"@context":"https:\/\/schema.org","@graph":[{"@type":"WebPage","@id":"https:\/\/www.electroluxprofessional.com\/de\/unser-valentinsmenue-2021-fuer-ihr-to-go-geschaeft\/","url":"https:\/\/www.electroluxprofessional.com\/de\/unser-valentinsmenue-2021-fuer-ihr-to-go-geschaeft\/","name":"Valentinsmen\u00fc 2021 f\u00fcr Ihr To-Go-Gesch\u00e4ft - Electrolux Professional","isPartOf":{"@id":"https:\/\/www.electroluxprofessional.com\/de\/#website"},"primaryImageOfPage":{"@id":"https:\/\/www.electroluxprofessional.com\/de\/unser-valentinsmenue-2021-fuer-ihr-to-go-geschaeft\/#primaryimage"},"image":{"@id":"https:\/\/www.electroluxprofessional.com\/de\/unser-valentinsmenue-2021-fuer-ihr-to-go-geschaeft\/#primaryimage"},"thumbnailUrl":"https:\/\/www.electroluxprofessional.com\/de\/wp-content\/uploads\/2021\/02\/Vorspeise2bb.jpg","datePublished":"2021-02-05T07:55:28+00:00","dateModified":"2021-02-05T07:55:28+00:00","author":{"@id":"https:\/\/www.electroluxprofessional.com\/de\/#\/schema\/person\/e4a9e9c23da69c37dd2d3f1357045a4d"},"description":"Sie suchen noch nach Inspirationen f\u00fcr Ihr Valentinsmen\u00fc 2021? Unsere K\u00fcchenchefin Helene Kunz hat ein Men\u00fc f\u00fcr Ihr To-Go-Gesch\u00e4ft kreiert. Es ist ideal f\u00fcr den Transport, kann gut vorbereitet werden und der Hauptgang bleibt lange hei\u00df. Hier k\u00f6nnen Sie die Rezepte herunterladen.","breadcrumb":{"@id":"https:\/\/www.electroluxprofessional.com\/de\/unser-valentinsmenue-2021-fuer-ihr-to-go-geschaeft\/#breadcrumb"},"inLanguage":"de-DE","potentialAction":[{"@type":"ReadAction","target":["https:\/\/www.electroluxprofessional.com\/de\/unser-valentinsmenue-2021-fuer-ihr-to-go-geschaeft\/"]}]},{"@type":"ImageObject","inLanguage":"de-DE","@id":"https:\/\/www.electroluxprofessional.com\/de\/unser-valentinsmenue-2021-fuer-ihr-to-go-geschaeft\/#primaryimage","url":"https:\/\/www.electroluxprofessional.com\/de\/wp-content\/uploads\/2021\/02\/Vorspeise2bb.jpg","contentUrl":"https:\/\/www.electroluxprofessional.com\/de\/wp-content\/uploads\/2021\/02\/Vorspeise2bb.jpg","width":1500,"height":1127,"caption":"Vorspeise2bb"},{"@type":"BreadcrumbList","@id":"https:\/\/www.electroluxprofessional.com\/de\/unser-valentinsmenue-2021-fuer-ihr-to-go-geschaeft\/#breadcrumb","itemListElement":[{"@type":"ListItem","position":1,"name":"Startseite","item":"https:\/\/www.electroluxprofessional.com\/de\/"},{"@type":"ListItem","position":2,"name":"Unser Valentinsmen\u00fc f\u00fcr Ihr To-Go-Gesch\u00e4ft"}]},{"@type":"WebSite","@id":"https:\/\/www.electroluxprofessional.com\/de\/#website","url":"https:\/\/www.electroluxprofessional.com\/de\/","name":"Electrolux Professional Deutschland","description":"","potentialAction":[{"@type":"SearchAction","target":{"@type":"EntryPoint","urlTemplate":"https:\/\/www.electroluxprofessional.com\/de\/?src={search_term_string}"},"query-input":"required name=search_term_string"}],"inLanguage":"de-DE"},{"@type":"Person","@id":"https:\/\/www.electroluxprofessional.com\/de\/#\/schema\/person\/e4a9e9c23da69c37dd2d3f1357045a4d","name":"bostjan.berglez@electroluxprofessional.com","image":{"@type":"ImageObject","inLanguage":"de-DE","@id":"https:\/\/www.electroluxprofessional.com\/de\/#\/schema\/person\/image\/","url":"https:\/\/secure.gravatar.com\/avatar\/17f3a6030f4687c08700d5f172712b95?s=96&d=mm&r=g","contentUrl":"https:\/\/secure.gravatar.com\/avatar\/17f3a6030f4687c08700d5f172712b95?s=96&d=mm&r=g","caption":"bostjan.berglez@electroluxprofessional.com"},"url":"https:\/\/www.electroluxprofessional.com\/de\/author\/bostjan-berglez-electroluxprofessional-com\/"}]}},"_links":{"self":[{"href":"https:\/\/www.electroluxprofessional.com\/de\/wp-json\/wp\/v2\/posts\/11812"}],"collection":[{"href":"https:\/\/www.electroluxprofessional.com\/de\/wp-json\/wp\/v2\/posts"}],"about":[{"href":"https:\/\/www.electroluxprofessional.com\/de\/wp-json\/wp\/v2\/types\/post"}],"author":[{"embeddable":true,"href":"https:\/\/www.electroluxprofessional.com\/de\/wp-json\/wp\/v2\/users\/161"}],"replies":[{"embeddable":true,"href":"https:\/\/www.electroluxprofessional.com\/de\/wp-json\/wp\/v2\/comments?post=11812"}],"version-history":[{"count":16,"href":"https:\/\/www.electroluxprofessional.com\/de\/wp-json\/wp\/v2\/posts\/11812\/revisions"}],"predecessor-version":[{"id":11835,"href":"https:\/\/www.electroluxprofessional.com\/de\/wp-json\/wp\/v2\/posts\/11812\/revisions\/11835"}],"wp:featuredmedia":[{"embeddable":true,"href":"https:\/\/www.electroluxprofessional.com\/de\/wp-json\/wp\/v2\/media\/11817"}],"wp:attachment":[{"href":"https:\/\/www.electroluxprofessional.com\/de\/wp-json\/wp\/v2\/media?parent=11812"}],"wp:term":[{"taxonomy":"category","embeddable":true,"href":"https:\/\/www.electroluxprofessional.com\/de\/wp-json\/wp\/v2\/categories?post=11812"},{"taxonomy":"post_tag","embeddable":true,"href":"https:\/\/www.electroluxprofessional.com\/de\/wp-json\/wp\/v2\/tags?post=11812"}],"curies":[{"name":"wp","href":"https:\/\/api.w.org\/{rel}","templated":true}]}}