{"id":16028,"date":"2024-02-21T10:45:21","date_gmt":"2024-02-21T10:45:21","guid":{"rendered":"https:\/\/www.electroluxprofessional.com\/de-ch\/?p=16028"},"modified":"2024-02-21T12:04:03","modified_gmt":"2024-02-21T12:04:03","slug":"schweizer-kochnationalmannschaften","status":"publish","type":"post","link":"https:\/\/www.electroluxprofessional.com\/de-ch\/schweizer-kochnationalmannschaften\/","title":{"rendered":"Electrolux Professional ist langj\u00e4hriger Co-Sponsor der Schweizer Kochnationalmannschaften"},"content":{"rendered":"<p>[vc_row][vc_column][vc_column_text]<strong>Seit \u00fcber einem Jahrzehnt sind wir stolzer Co-Sponsor der KONA und der JUNA.<\/strong><\/p>\n<p>Beide Mannschaften trainieren regelm\u00e4ssig in der Demok\u00fcche des <a href=\"https:\/\/www.electroluxprofessional.com\/de-ch\/zentrum-des-kochens\/centers-of-excellence\/\" target=\"_blank\" rel=\"noopener\">Center of Excellence<\/a> in Sursee und bedienen sich der kompletten Ger\u00e4tschaft von Electrolux Professional: Vom SkyLine Ofen und Schockfroster \u00fcber den thermaline M2M Herd, bis hin zum Vakuumierger\u00e4t und viele mehr.<\/p>\n<p>Mit diesem Sponsoring unterstreichen wir die Verbundenheit zur Branche und f\u00f6rdern den Beruf des Kochs\/der K\u00f6chin.[\/vc_column_text][vc_row_inner][vc_column_inner][vc_empty_space][vc_single_image image=&#8221;16053&#8243; img_size=&#8221;full&#8221; alignment=&#8221;center&#8221;][\/vc_column_inner][\/vc_row_inner][vc_empty_space][\/vc_column][\/vc_row][vc_row][vc_column][vc_column_text]<em>\u00bbEs ist mir eine ausserordentliche Freude, die exzellente Zusammenarbeit mit Electrolux Professional zu betonen und die Nutzung ihrer hochmodernen K\u00fccheneinrichtungen hervorzuheben.<br \/>\n<\/em><em>Die Partnerschaft mit Electrolux Professional erm\u00f6glicht es uns, unsere kulinarischen Visionen mit Pr\u00e4zision und Leidenschaft zu verfolgen.<br \/>\n<\/em><em>Durch die erstklassigen Ger\u00e4te und Einrichtungen von Electrolux Professional wird nicht nur unsere Produktivit\u00e4t gesteigert, sondern auch die Qualit\u00e4t unserer kulinarischen Kreationen auf ein neues Niveau gehoben.<br \/>\n<\/em><em>Ihre innovativen L\u00f6sungen und ihre unerm\u00fcdliche Hingabe an Exzellenz spiegeln sich in jeder Mahlzeit wider, die wir zubereiten.&#8217;<\/em><em>Die Verwendung der K\u00fccheneinrichtungen von Electrolux Professional bedeutet f\u00fcr uns nicht nur Effizienz und Zuverl\u00e4ssigkeit, sondern auch eine Partnerschaft, die auf Vertrauen, Respekt und gemeinsamen Erfolg basiert.<br \/>\n<\/em><em>Wir sind dankbar f\u00fcr die M\u00f6glichkeit, mit einer so renommierten Marke zusammenzuarbeiten und sind fest entschlossen, weiterhin herausragende Ergebnisse zu erzielen.<br \/>\n<\/em><em>Durch die Unterst\u00fctzung von Electrolux Professional k\u00f6nnen wir unsere Leidenschaft f\u00fcr erstklassige Gastronomie voll ausleben und unseren G\u00e4sten ein unvergessliches kulinarisches Erlebnis bieten.<br \/>\n<\/em><em>Wir sch\u00e4tzen die Zusammenarbeit mit Electrolux Professional sehr und freuen uns darauf, gemeinsam weiterhin neue Massst\u00e4be in der Gastronomie zu setzen.\u00bb<\/em><\/p>\n<p><strong>Marco Steiner<br \/>\n<\/strong>Teammanager Schweizer Kochnationalmannschaften[\/vc_column_text][vc_empty_space][vc_empty_space][vc_empty_space][\/vc_column][\/vc_row][vc_row][vc_column width=&#8221;1\/2&#8243;][vc_single_image image=&#8221;16038&#8243; img_size=&#8221;full&#8221;][vc_empty_space][vc_single_image image=&#8221;16037&#8243; img_size=&#8221;full&#8221;][\/vc_column][vc_column width=&#8221;1\/2&#8243;][vc_empty_space][vc_empty_space][vc_column_text]Im Februar 2024 fand die Olympiade der K\u00f6che in Stuttgart statt. Beide Teams erzielten hervorragende Resultate. Wir gratulieren ganz herzlich!<\/p>\n<p><strong>KONA Vize-Olympiasieger:<\/strong><\/p>\n<ul>\n<li>GOLD beim <em>Restaurant of Nations<\/em><\/li>\n<li>GOLD beim <em>Chef\u2019s Table<\/em><\/li>\n<\/ul>\n<p><strong>JUNA Sechster Rang:<\/strong><\/p>\n<ul>\n<li>GOLD beim <em>Restaurant of Nations<\/em><\/li>\n<li>GOLD beim <em>Chef\u2019s Table<\/em><\/li>\n<\/ul>\n<p>[\/vc_column_text][\/vc_column][\/vc_row][vc_row][vc_column][vc_empty_space][vc_column_text]Im November\/ Dezember 2022 fand der <strong>Culinary World Cup Luxemburg<\/strong> statt. Hier waren beide Kochnationalmannschaften die Besten und holten den Weltmeister-Titel.[\/vc_column_text][vc_empty_space][vc_empty_space][\/vc_column][\/vc_row]<\/p>\n","protected":false},"excerpt":{"rendered":"<p>[vc_row][vc_column][vc_column_text]Seit \u00fcber einem Jahrzehnt sind wir stolzer Co-Sponsor der KONA und der JUNA. Beide Mannschaften trainieren regelm\u00e4ssig in der Demok\u00fcche des Center of Excellence in Sursee und bedienen sich der kompletten Ger\u00e4tschaft von Electrolux Professional: Vom SkyLine Ofen und Schockfroster \u00fcber den thermaline M2M Herd, bis hin zum Vakuumierger\u00e4t und viele mehr. Mit diesem Sponsoring [&hellip;]<\/p>\n","protected":false},"author":209,"featured_media":16036,"comment_status":"open","ping_status":"closed","sticky":false,"template":"","format":"standard","meta":{"footnotes":""},"categories":[82,155,296],"tags":[],"class_list":["post-16028","post","type-post","status-publish","format-standard","has-post-thumbnail","hentry","category-auszeichnungen","category-food","category-sponsoring"],"acf":[],"yoast_head":"<!-- This site is optimized with the Yoast SEO plugin v23.3 - https:\/\/yoast.com\/wordpress\/plugins\/seo\/ -->\n<title>Co-Sponsor der Schweizer Kochnationalmannschaften | Electrolux Professional<\/title>\n<meta name=\"description\" content=\"Electrolux Professional ist langj\u00e4hriger Co-Sponsor der Schweizer Kochnationalmannschaft und Jugendnationalmannschaft.\" \/>\n<meta name=\"robots\" content=\"index, follow, max-snippet:-1, max-image-preview:large, max-video-preview:-1\" \/>\n<link rel=\"canonical\" href=\"https:\/\/www.electroluxprofessional.com\/de-ch\/schweizer-kochnationalmannschaften\/\" \/>\n<meta property=\"og:locale\" content=\"de_DE\" \/>\n<meta property=\"og:type\" content=\"article\" \/>\n<meta property=\"og:title\" content=\"Co-Sponsor der Schweizer Kochnationalmannschaften | Electrolux Professional\" \/>\n<meta property=\"og:description\" content=\"Electrolux Professional ist langj\u00e4hriger Co-Sponsor der Schweizer Kochnationalmannschaft und Jugendnationalmannschaft.\" \/>\n<meta property=\"og:url\" content=\"https:\/\/www.electroluxprofessional.com\/de-ch\/schweizer-kochnationalmannschaften\/\" \/>\n<meta property=\"og:site_name\" content=\"Electrolux Professional Schweiz\" \/>\n<meta property=\"article:published_time\" content=\"2024-02-21T10:45:21+00:00\" \/>\n<meta property=\"article:modified_time\" content=\"2024-02-21T12:04:03+00:00\" \/>\n<meta property=\"og:image\" content=\"https:\/\/www.electroluxprofessional.com\/de-ch\/wp-content\/uploads\/2024\/02\/24_02_06-JUNA-HOT-KITCHEN-\u00a9ronson-161.jpg\" \/>\n\t<meta property=\"og:image:width\" content=\"2000\" \/>\n\t<meta property=\"og:image:height\" content=\"1333\" \/>\n\t<meta property=\"og:image:type\" content=\"image\/jpeg\" \/>\n<meta name=\"author\" content=\"lara.kaiser@electroluxprofessional.com\" \/>\n<meta name=\"twitter:card\" content=\"summary_large_image\" \/>\n<meta name=\"twitter:label1\" content=\"Geschrieben von\" \/>\n\t<meta name=\"twitter:data1\" content=\"lara.kaiser@electroluxprofessional.com\" \/>\n\t<meta name=\"twitter:label2\" content=\"Gesch\u00e4tzte Lesezeit\" \/>\n\t<meta name=\"twitter:data2\" content=\"3 Minuten\" \/>\n<script type=\"application\/ld+json\" class=\"yoast-schema-graph\">{\"@context\":\"https:\/\/schema.org\",\"@graph\":[{\"@type\":\"WebPage\",\"@id\":\"https:\/\/www.electroluxprofessional.com\/de-ch\/schweizer-kochnationalmannschaften\/\",\"url\":\"https:\/\/www.electroluxprofessional.com\/de-ch\/schweizer-kochnationalmannschaften\/\",\"name\":\"Co-Sponsor der Schweizer Kochnationalmannschaften | Electrolux Professional\",\"isPartOf\":{\"@id\":\"https:\/\/www.electroluxprofessional.com\/de-ch\/#website\"},\"primaryImageOfPage\":{\"@id\":\"https:\/\/www.electroluxprofessional.com\/de-ch\/schweizer-kochnationalmannschaften\/#primaryimage\"},\"image\":{\"@id\":\"https:\/\/www.electroluxprofessional.com\/de-ch\/schweizer-kochnationalmannschaften\/#primaryimage\"},\"thumbnailUrl\":\"https:\/\/www.electroluxprofessional.com\/de-ch\/wp-content\/uploads\/2024\/02\/24_02_06-JUNA-HOT-KITCHEN-\u00a9ronson-161.jpg\",\"datePublished\":\"2024-02-21T10:45:21+00:00\",\"dateModified\":\"2024-02-21T12:04:03+00:00\",\"author\":{\"@id\":\"https:\/\/www.electroluxprofessional.com\/de-ch\/#\/schema\/person\/3c70765215af65b8228b8085fe80c33b\"},\"description\":\"Electrolux Professional ist langj\u00e4hriger Co-Sponsor der Schweizer Kochnationalmannschaft und Jugendnationalmannschaft.\",\"breadcrumb\":{\"@id\":\"https:\/\/www.electroluxprofessional.com\/de-ch\/schweizer-kochnationalmannschaften\/#breadcrumb\"},\"inLanguage\":\"de-CH\",\"potentialAction\":[{\"@type\":\"ReadAction\",\"target\":[\"https:\/\/www.electroluxprofessional.com\/de-ch\/schweizer-kochnationalmannschaften\/\"]}]},{\"@type\":\"ImageObject\",\"inLanguage\":\"de-CH\",\"@id\":\"https:\/\/www.electroluxprofessional.com\/de-ch\/schweizer-kochnationalmannschaften\/#primaryimage\",\"url\":\"https:\/\/www.electroluxprofessional.com\/de-ch\/wp-content\/uploads\/2024\/02\/24_02_06-JUNA-HOT-KITCHEN-\u00a9ronson-161.jpg\",\"contentUrl\":\"https:\/\/www.electroluxprofessional.com\/de-ch\/wp-content\/uploads\/2024\/02\/24_02_06-JUNA-HOT-KITCHEN-\u00a9ronson-161.jpg\",\"width\":2000,\"height\":1333,\"caption\":\"Electrolux Professional ist langj\u00e4hriger Co-Sponsor der Schweizer Kochnationalmannschaften\"},{\"@type\":\"BreadcrumbList\",\"@id\":\"https:\/\/www.electroluxprofessional.com\/de-ch\/schweizer-kochnationalmannschaften\/#breadcrumb\",\"itemListElement\":[{\"@type\":\"ListItem\",\"position\":1,\"name\":\"Home\",\"item\":\"https:\/\/www.electroluxprofessional.com\/de-ch\/\"},{\"@type\":\"ListItem\",\"position\":2,\"name\":\"Electrolux Professional ist langj\u00e4hriger Co-Sponsor der Schweizer Kochnationalmannschaften\"}]},{\"@type\":\"WebSite\",\"@id\":\"https:\/\/www.electroluxprofessional.com\/de-ch\/#website\",\"url\":\"https:\/\/www.electroluxprofessional.com\/de-ch\/\",\"name\":\"Electrolux Professional Schweiz\",\"description\":\"\",\"potentialAction\":[{\"@type\":\"SearchAction\",\"target\":{\"@type\":\"EntryPoint\",\"urlTemplate\":\"https:\/\/www.electroluxprofessional.com\/de-ch\/?src={search_term_string}\"},\"query-input\":\"required name=search_term_string\"}],\"inLanguage\":\"de-CH\"},{\"@type\":\"Person\",\"@id\":\"https:\/\/www.electroluxprofessional.com\/de-ch\/#\/schema\/person\/3c70765215af65b8228b8085fe80c33b\",\"name\":\"lara.kaiser@electroluxprofessional.com\",\"image\":{\"@type\":\"ImageObject\",\"inLanguage\":\"de-CH\",\"@id\":\"https:\/\/www.electroluxprofessional.com\/de-ch\/#\/schema\/person\/image\/\",\"url\":\"https:\/\/secure.gravatar.com\/avatar\/108da25f231b5ec4bf32f0cf655853d5?s=96&d=mm&r=g\",\"contentUrl\":\"https:\/\/secure.gravatar.com\/avatar\/108da25f231b5ec4bf32f0cf655853d5?s=96&d=mm&r=g\",\"caption\":\"lara.kaiser@electroluxprofessional.com\"},\"url\":\"https:\/\/www.electroluxprofessional.com\/de-ch\/author\/lara-kaiser\/\"}]}<\/script>\n<!-- \/ Yoast SEO plugin. -->","yoast_head_json":{"title":"Co-Sponsor der Schweizer Kochnationalmannschaften | Electrolux Professional","description":"Electrolux Professional ist langj\u00e4hriger Co-Sponsor der Schweizer Kochnationalmannschaft und Jugendnationalmannschaft.","robots":{"index":"index","follow":"follow","max-snippet":"max-snippet:-1","max-image-preview":"max-image-preview:large","max-video-preview":"max-video-preview:-1"},"canonical":"https:\/\/www.electroluxprofessional.com\/de-ch\/schweizer-kochnationalmannschaften\/","og_locale":"de_DE","og_type":"article","og_title":"Co-Sponsor der Schweizer Kochnationalmannschaften | Electrolux Professional","og_description":"Electrolux Professional ist langj\u00e4hriger Co-Sponsor der Schweizer Kochnationalmannschaft und Jugendnationalmannschaft.","og_url":"https:\/\/www.electroluxprofessional.com\/de-ch\/schweizer-kochnationalmannschaften\/","og_site_name":"Electrolux Professional Schweiz","article_published_time":"2024-02-21T10:45:21+00:00","article_modified_time":"2024-02-21T12:04:03+00:00","og_image":[{"width":2000,"height":1333,"url":"https:\/\/www.electroluxprofessional.com\/de-ch\/wp-content\/uploads\/2024\/02\/24_02_06-JUNA-HOT-KITCHEN-\u00a9ronson-161.jpg","type":"image\/jpeg"}],"author":"lara.kaiser@electroluxprofessional.com","twitter_card":"summary_large_image","twitter_misc":{"Geschrieben von":"lara.kaiser@electroluxprofessional.com","Gesch\u00e4tzte Lesezeit":"3 Minuten"},"schema":{"@context":"https:\/\/schema.org","@graph":[{"@type":"WebPage","@id":"https:\/\/www.electroluxprofessional.com\/de-ch\/schweizer-kochnationalmannschaften\/","url":"https:\/\/www.electroluxprofessional.com\/de-ch\/schweizer-kochnationalmannschaften\/","name":"Co-Sponsor der Schweizer Kochnationalmannschaften | Electrolux Professional","isPartOf":{"@id":"https:\/\/www.electroluxprofessional.com\/de-ch\/#website"},"primaryImageOfPage":{"@id":"https:\/\/www.electroluxprofessional.com\/de-ch\/schweizer-kochnationalmannschaften\/#primaryimage"},"image":{"@id":"https:\/\/www.electroluxprofessional.com\/de-ch\/schweizer-kochnationalmannschaften\/#primaryimage"},"thumbnailUrl":"https:\/\/www.electroluxprofessional.com\/de-ch\/wp-content\/uploads\/2024\/02\/24_02_06-JUNA-HOT-KITCHEN-\u00a9ronson-161.jpg","datePublished":"2024-02-21T10:45:21+00:00","dateModified":"2024-02-21T12:04:03+00:00","author":{"@id":"https:\/\/www.electroluxprofessional.com\/de-ch\/#\/schema\/person\/3c70765215af65b8228b8085fe80c33b"},"description":"Electrolux Professional ist langj\u00e4hriger Co-Sponsor der Schweizer Kochnationalmannschaft und Jugendnationalmannschaft.","breadcrumb":{"@id":"https:\/\/www.electroluxprofessional.com\/de-ch\/schweizer-kochnationalmannschaften\/#breadcrumb"},"inLanguage":"de-CH","potentialAction":[{"@type":"ReadAction","target":["https:\/\/www.electroluxprofessional.com\/de-ch\/schweizer-kochnationalmannschaften\/"]}]},{"@type":"ImageObject","inLanguage":"de-CH","@id":"https:\/\/www.electroluxprofessional.com\/de-ch\/schweizer-kochnationalmannschaften\/#primaryimage","url":"https:\/\/www.electroluxprofessional.com\/de-ch\/wp-content\/uploads\/2024\/02\/24_02_06-JUNA-HOT-KITCHEN-\u00a9ronson-161.jpg","contentUrl":"https:\/\/www.electroluxprofessional.com\/de-ch\/wp-content\/uploads\/2024\/02\/24_02_06-JUNA-HOT-KITCHEN-\u00a9ronson-161.jpg","width":2000,"height":1333,"caption":"Electrolux Professional ist langj\u00e4hriger Co-Sponsor der Schweizer Kochnationalmannschaften"},{"@type":"BreadcrumbList","@id":"https:\/\/www.electroluxprofessional.com\/de-ch\/schweizer-kochnationalmannschaften\/#breadcrumb","itemListElement":[{"@type":"ListItem","position":1,"name":"Home","item":"https:\/\/www.electroluxprofessional.com\/de-ch\/"},{"@type":"ListItem","position":2,"name":"Electrolux Professional ist langj\u00e4hriger Co-Sponsor der Schweizer Kochnationalmannschaften"}]},{"@type":"WebSite","@id":"https:\/\/www.electroluxprofessional.com\/de-ch\/#website","url":"https:\/\/www.electroluxprofessional.com\/de-ch\/","name":"Electrolux Professional Schweiz","description":"","potentialAction":[{"@type":"SearchAction","target":{"@type":"EntryPoint","urlTemplate":"https:\/\/www.electroluxprofessional.com\/de-ch\/?src={search_term_string}"},"query-input":"required name=search_term_string"}],"inLanguage":"de-CH"},{"@type":"Person","@id":"https:\/\/www.electroluxprofessional.com\/de-ch\/#\/schema\/person\/3c70765215af65b8228b8085fe80c33b","name":"lara.kaiser@electroluxprofessional.com","image":{"@type":"ImageObject","inLanguage":"de-CH","@id":"https:\/\/www.electroluxprofessional.com\/de-ch\/#\/schema\/person\/image\/","url":"https:\/\/secure.gravatar.com\/avatar\/108da25f231b5ec4bf32f0cf655853d5?s=96&d=mm&r=g","contentUrl":"https:\/\/secure.gravatar.com\/avatar\/108da25f231b5ec4bf32f0cf655853d5?s=96&d=mm&r=g","caption":"lara.kaiser@electroluxprofessional.com"},"url":"https:\/\/www.electroluxprofessional.com\/de-ch\/author\/lara-kaiser\/"}]}},"_links":{"self":[{"href":"https:\/\/www.electroluxprofessional.com\/de-ch\/wp-json\/wp\/v2\/posts\/16028"}],"collection":[{"href":"https:\/\/www.electroluxprofessional.com\/de-ch\/wp-json\/wp\/v2\/posts"}],"about":[{"href":"https:\/\/www.electroluxprofessional.com\/de-ch\/wp-json\/wp\/v2\/types\/post"}],"author":[{"embeddable":true,"href":"https:\/\/www.electroluxprofessional.com\/de-ch\/wp-json\/wp\/v2\/users\/209"}],"replies":[{"embeddable":true,"href":"https:\/\/www.electroluxprofessional.com\/de-ch\/wp-json\/wp\/v2\/comments?post=16028"}],"version-history":[{"count":17,"href":"https:\/\/www.electroluxprofessional.com\/de-ch\/wp-json\/wp\/v2\/posts\/16028\/revisions"}],"predecessor-version":[{"id":16057,"href":"https:\/\/www.electroluxprofessional.com\/de-ch\/wp-json\/wp\/v2\/posts\/16028\/revisions\/16057"}],"wp:featuredmedia":[{"embeddable":true,"href":"https:\/\/www.electroluxprofessional.com\/de-ch\/wp-json\/wp\/v2\/media\/16036"}],"wp:attachment":[{"href":"https:\/\/www.electroluxprofessional.com\/de-ch\/wp-json\/wp\/v2\/media?parent=16028"}],"wp:term":[{"taxonomy":"category","embeddable":true,"href":"https:\/\/www.electroluxprofessional.com\/de-ch\/wp-json\/wp\/v2\/categories?post=16028"},{"taxonomy":"post_tag","embeddable":true,"href":"https:\/\/www.electroluxprofessional.com\/de-ch\/wp-json\/wp\/v2\/tags?post=16028"}],"curies":[{"name":"wp","href":"https:\/\/api.w.org\/{rel}","templated":true}]}}