{"id":5872,"date":"2020-02-19T10:42:03","date_gmt":"2020-02-19T10:42:03","guid":{"rendered":"https:\/\/www.electroluxprofessional.com\/?p=30194"},"modified":"2020-05-28T13:57:06","modified_gmt":"2020-05-28T13:57:06","slug":"janus-de-lindustrie-recognition-2020","status":"publish","type":"post","link":"https:\/\/www.electroluxprofessional.com\/cz\/janus-de-lindustrie-recognition-2020\/","title":{"rendered":"\u201eZlat\u00fd rok\u201c pro SkyLine: Janus de l&#8217;Industrie 2020"},"content":{"rendered":"<p>[vc_row][vc_column][vc_column_text]<a href=\"https:\/\/www.electroluxprofessional.com\/cz\/commercial-kitchen-equipment\/cook-and-chill\/\">SkyLine &#8211; vlajkov\u00e1 \u0159ada Electrolux Professional v oblasti pec\u00ed Combi a Blast Chillers<\/a> &#8211; se pro sv\u016fj design a ergonomii op\u011bt osv\u011bd\u010dil. Nejnov\u011bj\u0161\u00ed uzn\u00e1n\u00ed je jednou z nejpresti\u017en\u011bj\u0161\u00edch a mezin\u00e1rodn\u011b uzn\u00e1van\u00fdch cen: Janus de l&#8217;Industrie.<\/p>\n<p>Janus de l&#8217;Industrie, kter\u00fd byl od roku 1953 p\u0159id\u011blen Francouzsk\u00fdm institutem designu, je zn\u00e1mkou uzn\u00e1n\u00ed, kter\u00e1 ud\u011bluje ocen\u011bn\u00ed produkt\u016fm, kter\u00e9 &#8211; ji\u017e od sv\u00e9 koncepce &#8211; jsou vyznamen\u00e1ny inovativn\u00edm designem a hmatateln\u00fdmi v\u00fdhodami, kter\u00e9 pro kone\u010dn\u00e9 u\u017eivatele vytv\u00e1\u0159ej\u00ed.<\/p>\n<p>Porota slo\u017een\u00e1 z 50 nez\u00e1visl\u00fdch odborn\u00edk\u016f p\u0159id\u011blila tuto zna\u010dku excelence SkyLine pot\u00e9, co pozitivn\u011b vyhodnotila z\u00e1m\u011br projektanta, etickou hodnotu projektu, materi\u00e1l, skute\u010dnou p\u0159idanou hodnotu pro u\u017eivatele, environment\u00e1ln\u00ed p\u0159\u00edstup a v neposledn\u00ed \u0159ad\u011b ne p\u0159inejmen\u0161\u00edm jedine\u010dn\u00e1 ergonomick\u00e1 certifikace \u0159ady.<\/p>\n<blockquote><p>\u201ePro spole\u010dnost Electrolux Professional je to skv\u011bl\u00fd \u00fasp\u011bch: v\u00fdzkum, talent a tvrd\u00e1 pr\u00e1ce v\u0161ech na\u0161ich t\u00fdm\u016f byly znovu uzn\u00e1ny a odm\u011bn\u011bny,\u201c \u0159\u00edk\u00e1 Michele Cadamuro, vedouc\u00ed t\u00fdmu Design Experience.<\/p>\n<p>\u201eV\u00edt\u011bzstv\u00ed v oboru Janus de l&#8217;Industrie pro n\u00e1s nen\u00ed jen \u00fa\u017easnou p\u0159\u00edle\u017eitost\u00ed, abychom zvedli la\u0165ku a \u0159ekli o na\u0161\u00ed zna\u010dce a posl\u00e1n\u00ed: je to tak\u00e9 exkluzivn\u00ed p\u0159\u00edle\u017eitost uk\u00e1zat, jak se na\u0161e \u0159e\u0161en\u00ed vyv\u00edjej\u00ed s ohledem na zku\u0161enosti z\u00e1kazn\u00edk\u016f. V d\u016fsledku toho jejich design p\u0159esahuje jejich technick\u00e9 vlastnosti: je to perfektn\u00ed kombinace estetiky, pou\u017eitelnosti, ergonomie, etiky a udr\u017eitelnosti. \u201c<\/p><\/blockquote>\n<p>[\/vc_column_text][\/vc_column][\/vc_row]<\/p>\n","protected":false},"excerpt":{"rendered":"<p>[vc_row][vc_column][vc_column_text]SkyLine &#8211; vlajkov\u00e1 \u0159ada Electrolux Professional v oblasti pec\u00ed Combi a Blast Chillers &#8211; se pro sv\u016fj design a ergonomii op\u011bt osv\u011bd\u010dil. Nejnov\u011bj\u0161\u00ed uzn\u00e1n\u00ed je jednou z nejpresti\u017en\u011bj\u0161\u00edch a mezin\u00e1rodn\u011b uzn\u00e1van\u00fdch cen: Janus de l&#8217;Industrie. Janus de l&#8217;Industrie, kter\u00fd byl od roku 1953 p\u0159id\u011blen Francouzsk\u00fdm institutem designu, je zn\u00e1mkou uzn\u00e1n\u00ed, kter\u00e1 ud\u011bluje ocen\u011bn\u00ed produkt\u016fm, kter\u00e9 [&hellip;]<\/p>\n","protected":false},"author":39,"featured_media":5871,"comment_status":"open","ping_status":"closed","sticky":false,"template":"","format":"standard","meta":{"footnotes":""},"categories":[168,158],"tags":[],"class_list":["post-5872","post","type-post","status-publish","format-standard","has-post-thumbnail","hentry","category-news","category-awards"],"acf":[],"yoast_head":"<!-- This site is optimized with the Yoast SEO plugin v23.3 - https:\/\/yoast.com\/wordpress\/plugins\/seo\/ -->\n<title>\u201eZlat\u00fd rok\u201c pro SkyLine: Janus de l&#039;Industrie 2020 - Electrolux Professional \u010cesk\u00e1 republika<\/title>\n<meta name=\"description\" content=\"Line - vlajkov\u00e1 \u0159ada Electrolux Professional v oblasti pec\u00ed Combi a Blast Chillers - se pro sv\u016fj design a ergonomii op\u011bt osv\u011bd\u010dil. Nejnov\u011bj\u0161\u00ed uzn\u00e1n\u00ed je jednou z nejpresti\u017en\u011bj\u0161\u00edch a mezin\u00e1rodn\u011b uzn\u00e1van\u00fdch cen: Janus de l&#039;Industrie.\" \/>\n<meta name=\"robots\" content=\"index, follow, max-snippet:-1, max-image-preview:large, max-video-preview:-1\" \/>\n<link rel=\"canonical\" href=\"https:\/\/www.electroluxprofessional.com\/cz\/janus-de-lindustrie-recognition-2020\/\" \/>\n<meta property=\"og:locale\" content=\"cs_CZ\" \/>\n<meta property=\"og:type\" content=\"article\" \/>\n<meta property=\"og:title\" content=\"\u201eZlat\u00fd rok\u201c pro SkyLine: Janus de l&#039;Industrie 2020 - Electrolux Professional \u010cesk\u00e1 republika\" \/>\n<meta property=\"og:description\" content=\"Line - vlajkov\u00e1 \u0159ada Electrolux Professional v oblasti pec\u00ed Combi a Blast Chillers - se pro sv\u016fj design a ergonomii op\u011bt osv\u011bd\u010dil. Nejnov\u011bj\u0161\u00ed uzn\u00e1n\u00ed je jednou z nejpresti\u017en\u011bj\u0161\u00edch a mezin\u00e1rodn\u011b uzn\u00e1van\u00fdch cen: Janus de l&#039;Industrie.\" \/>\n<meta property=\"og:url\" content=\"https:\/\/www.electroluxprofessional.com\/cz\/janus-de-lindustrie-recognition-2020\/\" \/>\n<meta property=\"og:site_name\" content=\"Electrolux Professional \u010cesk\u00e1 republika\" \/>\n<meta property=\"article:publisher\" content=\"https:\/\/www.facebook.com\/electroluxprofessional\" \/>\n<meta property=\"article:published_time\" content=\"2020-02-19T10:42:03+00:00\" \/>\n<meta property=\"article:modified_time\" content=\"2020-05-28T13:57:06+00:00\" \/>\n<meta property=\"og:image\" content=\"https:\/\/www.electroluxprofessional.com\/cz\/wp-content\/uploads\/2020\/04\/banner-Janus-award-2020-2000x350-1.jpg\" \/>\n\t<meta property=\"og:image:width\" content=\"2000\" \/>\n\t<meta property=\"og:image:height\" content=\"350\" \/>\n\t<meta property=\"og:image:type\" content=\"image\/jpeg\" \/>\n<meta name=\"author\" content=\"Jan Bazant\" \/>\n<meta name=\"twitter:card\" content=\"summary_large_image\" \/>\n<meta name=\"twitter:creator\" content=\"@ElectroluxPro\" \/>\n<meta name=\"twitter:site\" content=\"@ElectroluxPro\" \/>\n<meta name=\"twitter:label1\" content=\"Napsal(a)\" \/>\n\t<meta name=\"twitter:data1\" content=\"Jan Bazant\" \/>\n\t<meta name=\"twitter:label2\" content=\"Odhadovan\u00e1 doba \u010dten\u00ed\" \/>\n\t<meta name=\"twitter:data2\" content=\"1 minuta\" \/>\n<script type=\"application\/ld+json\" class=\"yoast-schema-graph\">{\"@context\":\"https:\/\/schema.org\",\"@graph\":[{\"@type\":\"WebPage\",\"@id\":\"https:\/\/www.electroluxprofessional.com\/cz\/janus-de-lindustrie-recognition-2020\/\",\"url\":\"https:\/\/www.electroluxprofessional.com\/cz\/janus-de-lindustrie-recognition-2020\/\",\"name\":\"\u201eZlat\u00fd rok\u201c pro SkyLine: Janus de l'Industrie 2020 - Electrolux Professional \u010cesk\u00e1 republika\",\"isPartOf\":{\"@id\":\"https:\/\/www.electroluxprofessional.com\/cz\/#website\"},\"primaryImageOfPage\":{\"@id\":\"https:\/\/www.electroluxprofessional.com\/cz\/janus-de-lindustrie-recognition-2020\/#primaryimage\"},\"image\":{\"@id\":\"https:\/\/www.electroluxprofessional.com\/cz\/janus-de-lindustrie-recognition-2020\/#primaryimage\"},\"thumbnailUrl\":\"https:\/\/www.electroluxprofessional.com\/cz\/wp-content\/uploads\/2020\/04\/banner-Janus-award-2020-2000x350-1.jpg\",\"datePublished\":\"2020-02-19T10:42:03+00:00\",\"dateModified\":\"2020-05-28T13:57:06+00:00\",\"author\":{\"@id\":\"https:\/\/www.electroluxprofessional.com\/cz\/#\/schema\/person\/aff66d7bfd202eaeb4319e5568229a8b\"},\"description\":\"Line - vlajkov\u00e1 \u0159ada Electrolux Professional v oblasti pec\u00ed Combi a Blast Chillers - se pro sv\u016fj design a ergonomii op\u011bt osv\u011bd\u010dil. Nejnov\u011bj\u0161\u00ed uzn\u00e1n\u00ed je jednou z nejpresti\u017en\u011bj\u0161\u00edch a mezin\u00e1rodn\u011b uzn\u00e1van\u00fdch cen: Janus de l'Industrie.\",\"breadcrumb\":{\"@id\":\"https:\/\/www.electroluxprofessional.com\/cz\/janus-de-lindustrie-recognition-2020\/#breadcrumb\"},\"inLanguage\":\"cs\",\"potentialAction\":[{\"@type\":\"ReadAction\",\"target\":[\"https:\/\/www.electroluxprofessional.com\/cz\/janus-de-lindustrie-recognition-2020\/\"]}]},{\"@type\":\"ImageObject\",\"inLanguage\":\"cs\",\"@id\":\"https:\/\/www.electroluxprofessional.com\/cz\/janus-de-lindustrie-recognition-2020\/#primaryimage\",\"url\":\"https:\/\/www.electroluxprofessional.com\/cz\/wp-content\/uploads\/2020\/04\/banner-Janus-award-2020-2000x350-1.jpg\",\"contentUrl\":\"https:\/\/www.electroluxprofessional.com\/cz\/wp-content\/uploads\/2020\/04\/banner-Janus-award-2020-2000x350-1.jpg\",\"width\":2000,\"height\":350,\"caption\":\"banner-Janus-award-2020-2000x350\"},{\"@type\":\"BreadcrumbList\",\"@id\":\"https:\/\/www.electroluxprofessional.com\/cz\/janus-de-lindustrie-recognition-2020\/#breadcrumb\",\"itemListElement\":[{\"@type\":\"ListItem\",\"position\":1,\"name\":\"Home\",\"item\":\"https:\/\/www.electroluxprofessional.com\/cz\/\"},{\"@type\":\"ListItem\",\"position\":2,\"name\":\"\u201eZlat\u00fd rok\u201c pro SkyLine: Janus de l&#8217;Industrie 2020\"}]},{\"@type\":\"WebSite\",\"@id\":\"https:\/\/www.electroluxprofessional.com\/cz\/#website\",\"url\":\"https:\/\/www.electroluxprofessional.com\/cz\/\",\"name\":\"Electrolux Professional \u010cesk\u00e1 republika\",\"description\":\"\",\"potentialAction\":[{\"@type\":\"SearchAction\",\"target\":{\"@type\":\"EntryPoint\",\"urlTemplate\":\"https:\/\/www.electroluxprofessional.com\/cz\/?src={search_term_string}\"},\"query-input\":\"required name=search_term_string\"}],\"inLanguage\":\"cs\"},{\"@type\":\"Person\",\"@id\":\"https:\/\/www.electroluxprofessional.com\/cz\/#\/schema\/person\/aff66d7bfd202eaeb4319e5568229a8b\",\"name\":\"Jan Bazant\",\"image\":{\"@type\":\"ImageObject\",\"inLanguage\":\"cs\",\"@id\":\"https:\/\/www.electroluxprofessional.com\/cz\/#\/schema\/person\/image\/\",\"url\":\"https:\/\/secure.gravatar.com\/avatar\/0527a30e1fad1f2588eed6df137fb8c9?s=96&d=mm&r=g\",\"contentUrl\":\"https:\/\/secure.gravatar.com\/avatar\/0527a30e1fad1f2588eed6df137fb8c9?s=96&d=mm&r=g\",\"caption\":\"Jan Bazant\"},\"url\":\"https:\/\/www.electroluxprofessional.com\/cz\/author\/bazant\/\"}]}<\/script>\n<!-- \/ Yoast SEO plugin. -->","yoast_head_json":{"title":"\u201eZlat\u00fd rok\u201c pro SkyLine: Janus de l'Industrie 2020 - Electrolux Professional \u010cesk\u00e1 republika","description":"Line - vlajkov\u00e1 \u0159ada Electrolux Professional v oblasti pec\u00ed Combi a Blast Chillers - se pro sv\u016fj design a ergonomii op\u011bt osv\u011bd\u010dil. Nejnov\u011bj\u0161\u00ed uzn\u00e1n\u00ed je jednou z nejpresti\u017en\u011bj\u0161\u00edch a mezin\u00e1rodn\u011b uzn\u00e1van\u00fdch cen: Janus de l'Industrie.","robots":{"index":"index","follow":"follow","max-snippet":"max-snippet:-1","max-image-preview":"max-image-preview:large","max-video-preview":"max-video-preview:-1"},"canonical":"https:\/\/www.electroluxprofessional.com\/cz\/janus-de-lindustrie-recognition-2020\/","og_locale":"cs_CZ","og_type":"article","og_title":"\u201eZlat\u00fd rok\u201c pro SkyLine: Janus de l'Industrie 2020 - Electrolux Professional \u010cesk\u00e1 republika","og_description":"Line - vlajkov\u00e1 \u0159ada Electrolux Professional v oblasti pec\u00ed Combi a Blast Chillers - se pro sv\u016fj design a ergonomii op\u011bt osv\u011bd\u010dil. Nejnov\u011bj\u0161\u00ed uzn\u00e1n\u00ed je jednou z nejpresti\u017en\u011bj\u0161\u00edch a mezin\u00e1rodn\u011b uzn\u00e1van\u00fdch cen: Janus de l'Industrie.","og_url":"https:\/\/www.electroluxprofessional.com\/cz\/janus-de-lindustrie-recognition-2020\/","og_site_name":"Electrolux Professional \u010cesk\u00e1 republika","article_publisher":"https:\/\/www.facebook.com\/electroluxprofessional","article_published_time":"2020-02-19T10:42:03+00:00","article_modified_time":"2020-05-28T13:57:06+00:00","og_image":[{"width":2000,"height":350,"url":"https:\/\/www.electroluxprofessional.com\/cz\/wp-content\/uploads\/2020\/04\/banner-Janus-award-2020-2000x350-1.jpg","type":"image\/jpeg"}],"author":"Jan Bazant","twitter_card":"summary_large_image","twitter_creator":"@ElectroluxPro","twitter_site":"@ElectroluxPro","twitter_misc":{"Napsal(a)":"Jan Bazant","Odhadovan\u00e1 doba \u010dten\u00ed":"1 minuta"},"schema":{"@context":"https:\/\/schema.org","@graph":[{"@type":"WebPage","@id":"https:\/\/www.electroluxprofessional.com\/cz\/janus-de-lindustrie-recognition-2020\/","url":"https:\/\/www.electroluxprofessional.com\/cz\/janus-de-lindustrie-recognition-2020\/","name":"\u201eZlat\u00fd rok\u201c pro SkyLine: Janus de l'Industrie 2020 - Electrolux Professional \u010cesk\u00e1 republika","isPartOf":{"@id":"https:\/\/www.electroluxprofessional.com\/cz\/#website"},"primaryImageOfPage":{"@id":"https:\/\/www.electroluxprofessional.com\/cz\/janus-de-lindustrie-recognition-2020\/#primaryimage"},"image":{"@id":"https:\/\/www.electroluxprofessional.com\/cz\/janus-de-lindustrie-recognition-2020\/#primaryimage"},"thumbnailUrl":"https:\/\/www.electroluxprofessional.com\/cz\/wp-content\/uploads\/2020\/04\/banner-Janus-award-2020-2000x350-1.jpg","datePublished":"2020-02-19T10:42:03+00:00","dateModified":"2020-05-28T13:57:06+00:00","author":{"@id":"https:\/\/www.electroluxprofessional.com\/cz\/#\/schema\/person\/aff66d7bfd202eaeb4319e5568229a8b"},"description":"Line - vlajkov\u00e1 \u0159ada Electrolux Professional v oblasti pec\u00ed Combi a Blast Chillers - se pro sv\u016fj design a ergonomii op\u011bt osv\u011bd\u010dil. Nejnov\u011bj\u0161\u00ed uzn\u00e1n\u00ed je jednou z nejpresti\u017en\u011bj\u0161\u00edch a mezin\u00e1rodn\u011b uzn\u00e1van\u00fdch cen: Janus de l'Industrie.","breadcrumb":{"@id":"https:\/\/www.electroluxprofessional.com\/cz\/janus-de-lindustrie-recognition-2020\/#breadcrumb"},"inLanguage":"cs","potentialAction":[{"@type":"ReadAction","target":["https:\/\/www.electroluxprofessional.com\/cz\/janus-de-lindustrie-recognition-2020\/"]}]},{"@type":"ImageObject","inLanguage":"cs","@id":"https:\/\/www.electroluxprofessional.com\/cz\/janus-de-lindustrie-recognition-2020\/#primaryimage","url":"https:\/\/www.electroluxprofessional.com\/cz\/wp-content\/uploads\/2020\/04\/banner-Janus-award-2020-2000x350-1.jpg","contentUrl":"https:\/\/www.electroluxprofessional.com\/cz\/wp-content\/uploads\/2020\/04\/banner-Janus-award-2020-2000x350-1.jpg","width":2000,"height":350,"caption":"banner-Janus-award-2020-2000x350"},{"@type":"BreadcrumbList","@id":"https:\/\/www.electroluxprofessional.com\/cz\/janus-de-lindustrie-recognition-2020\/#breadcrumb","itemListElement":[{"@type":"ListItem","position":1,"name":"Home","item":"https:\/\/www.electroluxprofessional.com\/cz\/"},{"@type":"ListItem","position":2,"name":"\u201eZlat\u00fd rok\u201c pro SkyLine: Janus de l&#8217;Industrie 2020"}]},{"@type":"WebSite","@id":"https:\/\/www.electroluxprofessional.com\/cz\/#website","url":"https:\/\/www.electroluxprofessional.com\/cz\/","name":"Electrolux Professional \u010cesk\u00e1 republika","description":"","potentialAction":[{"@type":"SearchAction","target":{"@type":"EntryPoint","urlTemplate":"https:\/\/www.electroluxprofessional.com\/cz\/?src={search_term_string}"},"query-input":"required name=search_term_string"}],"inLanguage":"cs"},{"@type":"Person","@id":"https:\/\/www.electroluxprofessional.com\/cz\/#\/schema\/person\/aff66d7bfd202eaeb4319e5568229a8b","name":"Jan Bazant","image":{"@type":"ImageObject","inLanguage":"cs","@id":"https:\/\/www.electroluxprofessional.com\/cz\/#\/schema\/person\/image\/","url":"https:\/\/secure.gravatar.com\/avatar\/0527a30e1fad1f2588eed6df137fb8c9?s=96&d=mm&r=g","contentUrl":"https:\/\/secure.gravatar.com\/avatar\/0527a30e1fad1f2588eed6df137fb8c9?s=96&d=mm&r=g","caption":"Jan Bazant"},"url":"https:\/\/www.electroluxprofessional.com\/cz\/author\/bazant\/"}]}},"_links":{"self":[{"href":"https:\/\/www.electroluxprofessional.com\/cz\/wp-json\/wp\/v2\/posts\/5872"}],"collection":[{"href":"https:\/\/www.electroluxprofessional.com\/cz\/wp-json\/wp\/v2\/posts"}],"about":[{"href":"https:\/\/www.electroluxprofessional.com\/cz\/wp-json\/wp\/v2\/types\/post"}],"author":[{"embeddable":true,"href":"https:\/\/www.electroluxprofessional.com\/cz\/wp-json\/wp\/v2\/users\/39"}],"replies":[{"embeddable":true,"href":"https:\/\/www.electroluxprofessional.com\/cz\/wp-json\/wp\/v2\/comments?post=5872"}],"version-history":[{"count":3,"href":"https:\/\/www.electroluxprofessional.com\/cz\/wp-json\/wp\/v2\/posts\/5872\/revisions"}],"predecessor-version":[{"id":5963,"href":"https:\/\/www.electroluxprofessional.com\/cz\/wp-json\/wp\/v2\/posts\/5872\/revisions\/5963"}],"wp:featuredmedia":[{"embeddable":true,"href":"https:\/\/www.electroluxprofessional.com\/cz\/wp-json\/wp\/v2\/media\/5871"}],"wp:attachment":[{"href":"https:\/\/www.electroluxprofessional.com\/cz\/wp-json\/wp\/v2\/media?parent=5872"}],"wp:term":[{"taxonomy":"category","embeddable":true,"href":"https:\/\/www.electroluxprofessional.com\/cz\/wp-json\/wp\/v2\/categories?post=5872"},{"taxonomy":"post_tag","embeddable":true,"href":"https:\/\/www.electroluxprofessional.com\/cz\/wp-json\/wp\/v2\/tags?post=5872"}],"curies":[{"name":"wp","href":"https:\/\/api.w.org\/{rel}","templated":true}]}}