{"id":14774,"date":"2026-03-10T07:32:22","date_gmt":"2026-03-10T07:32:22","guid":{"rendered":"https:\/\/www.electroluxprofessional.com\/cz\/?p=14774"},"modified":"2026-04-01T10:26:27","modified_gmt":"2026-04-01T10:26:27","slug":"skyline-kombinovana-trouba-nove-standardy-udrzitelnosti","status":"publish","type":"post","link":"https:\/\/www.electroluxprofessional.com\/cz\/skyline-kombinovana-trouba-nove-standardy-udrzitelnosti\/","title":{"rendered":"SkyLine: kombinovan\u00e1 trouba, kter\u00e1 neust\u00e1le nastavuje nov\u00e9 standardy udr\u017eitelnosti"},"content":{"rendered":"<p>[vc_row][vc_column][vc_column_text]Nejnov\u011bj\u0161\u00ed verze kombinovan\u00e9 pece SkyLine potvrzuje trval\u00fd z\u00e1vazek spole\u010dnosti Electrolux Professional navrhovat a dod\u00e1vat udr\u017eiteln\u00e9 \u0159e\u0161en\u00ed, kter\u00e9 podporuje cirkul\u00e1rn\u00ed ekonomiku.<br \/>\nP\u0159i lo\u0148sk\u00e9m uveden\u00ed nov\u00e9 verze SkyLine na trh byla udr\u017eitelnost kl\u00ed\u010dov\u00fdm prvkem s hmatateln\u00fdmi ka\u017edodenn\u00edmi v\u00fdhodami pro z\u00e1kazn\u00edky, v\u010detn\u011b m\u011b\u0159iteln\u00e9ho sn\u00ed\u017een\u00ed dopadu na \u017eivotn\u00ed prost\u0159ed\u00ed a provozn\u00edch n\u00e1klad\u016f.[\/vc_column_text][vc_empty_space height=&#8221;15px&#8221;][\/vc_column][\/vc_row][vc_row][vc_column][vc_empty_space height=&#8221;15px&#8221;][elx_text_image style_image=&#8221;image_square&#8221; image_position_mobile=&#8221;mobile-order-4&#8243; bg_row=&#8221;bg-download-white&#8221; lists=&#8221;%5B%7B%7D%5D&#8221; values=&#8221;%5B%5D&#8221; single_image=&#8221;14773&#8243; title=&#8221;Udr\u017eitelnost promy\u0161len\u00e1 do nejmen\u0161\u00edho detailu<br \/>\n&#8220;]Tento z\u00e1vazek potvrzuje ned\u00e1vn\u00e9 <strong>platinov\u00e9 hodnocen\u00ed<\/strong> trouby v r\u00e1mci <strong>programu Repairability Rating od UL Solutions<\/strong>. Electrolux Professional je prvn\u00ed spole\u010dnost\u00ed v potravin\u00e1\u0159sk\u00e9m sektoru, kter\u00e1 se zapojila do akredita\u010dn\u00edho procesu programu Repairability Rating, co\u017e zd\u016fraz\u0148uje prioritu firmy v prosazov\u00e1n\u00ed udr\u017eiteln\u00fdch postup\u016f prost\u0159ednictv\u00edm sv\u00e9ho profesion\u00e1ln\u00edho vybaven\u00ed.<br \/>\n<strong>Maximalizac\u00ed opravitelnosti SkyLine pom\u00e1h\u00e1 sni\u017eovat odpad, prodlu\u017eovat \u017eivotnost produktu a podporovat op\u011btovn\u00e9 pou\u017eit\u00ed a modernizace<\/strong> \u2014 kl\u00ed\u010dov\u00e9 pil\u00ed\u0159e cirkul\u00e1rn\u00ed ekonomiky. To znamen\u00e1, \u017ee kucha\u0159i si mohou b\u00fdt jisti, \u017ee trouba je vyrobena tak, aby vydr\u017eela.[\/elx_text_image][\/vc_column][\/vc_row][vc_row][vc_column][elx_heading text_color=&#8221;inherit&#8221;]Nep\u0159etr\u017eit\u00fd provoz v dob\u011b dekarbonizace[\/elx_heading][vc_empty_space height=&#8221;15px&#8221;][vc_column_text]Dal\u0161\u00ed v\u00fdzvou pro dne\u0161n\u00ed kucha\u0159e je volba spot\u0159ebi\u010d\u016f, kter\u00e9 jsou p\u0159ipraven\u00e9 na budoucnost a energetick\u00fd p\u0159echod. Posun v sektoru stravov\u00e1n\u00ed je poh\u00e1n\u011bn alternativami k plynu a rostouc\u00edm zam\u011b\u0159en\u00edm na <strong>sni\u017eov\u00e1n\u00ed spot\u0159eby energie a emis\u00ed<\/strong>.<br \/>\nJak se toto st\u00e1v\u00e1 b\u011b\u017en\u011bj\u0161\u00ed d\u00edky pl\u00e1novan\u00fdm sm\u011brnic\u00edm a regulac\u00edm, kuchyn\u011b vybaven\u00e9 nejnov\u011bj\u0161\u00edmi <a href=\"https:\/\/www.electroluxprofessional.com\/cz\/skyline-combi-oven\/\">SkyLine Combi Ovens<\/a> nebudou muset m\u011bnit sv\u00e9 trouby, aby se p\u0159izp\u016fsobily nevyhnuteln\u00e9mu p\u0159echodu.<br \/>\n\u201eJsme odhodl\u00e1ni vyv\u00edjet st\u00e1le energeticky efektivn\u011bj\u0161\u00ed produkty \u2014 a z\u00e1rove\u0148 zkoumat nov\u00e9 alternativy, jako je vyu\u017eit\u00ed vod\u00edku,\u201c \u0159\u00edk\u00e1 Camilla Monefeldt Kirstein, BA President Food Europe.<br \/>\nSkyLine Combi Oven m\u016f\u017ee pracovat s plynov\u00fdmi sm\u011bsmi obsahuj\u00edc\u00edmi a\u017e <strong>20 % vod\u00edku<\/strong>, \u010d\u00edm\u017e p\u0159ipravuje kuchyn\u011b na budouc\u00ed regula\u010dn\u00ed a infrastrukturn\u00ed zm\u011bny a z\u00e1rove\u0148 <strong>zaji\u0161\u0165uje kontinuitu<\/strong> provozu bez nutnosti nov\u00fdch investic.[\/vc_column_text][\/vc_column][\/vc_row][vc_row content_placement=&#8221;middle&#8221;][vc_column][elx_heading text_color=&#8221;inherit&#8221;]Vestav\u011bn\u00e1 udr\u017eitelnost p\u0159ipraven\u00e1 na budoucnost[\/elx_heading][vc_empty_space height=&#8221;15px&#8221;][vc_column_text]Od ov\u011b\u0159en\u00fdch \u00faspor vody a energie p\u0159es<strong> schopnost<\/strong> <strong>Hydrogen Ready 20 %<\/strong> a\u017e po <strong>platinovou \u00farove\u0148 opravitelnosti<\/strong>, nejnov\u011bj\u0161\u00ed SkyLine Combi Oven odr\u00e1\u017e\u00ed trval\u00fd z\u00e1vazek Electrolux Professional p\u0159etv\u00e1\u0159et \u017eivot v kuchyni. Jak se energetick\u00e9 syst\u00e9my vyv\u00edjej\u00ed a rostou o\u010dek\u00e1v\u00e1n\u00ed v oblasti udr\u017eitelnosti, SkyLine zaji\u0161\u0165uje, \u017ee profesion\u00e1ln\u00ed kuchyn\u011b mohou postupovat vp\u0159ed s jistotou a bez kompromis\u016f.[\/vc_column_text][vc_empty_space height=&#8221;35px&#8221;][\/vc_column][\/vc_row][vc_row][vc_column][vc_empty_space height=&#8221;35px&#8221;][elx_button button_text=&#8221;Objevte SkyLine Combi Ovens&#8221; button_display_block=&#8221;display_block_on&#8221; button_alignment=&#8221;align_center&#8221; button_alignment_mobile=&#8221;text-center-mobile&#8221; button_link=&#8221;url:https%3A%2F%2Fwww.electroluxprofessional.com%2Fcz%2Fskyline-combi-oven%2F|target:_blank&#8221;][vc_empty_space height=&#8221;35px&#8221;][\/vc_column][\/vc_row]<\/p>\n","protected":false},"excerpt":{"rendered":"<p>[vc_row][vc_column][vc_column_text]Nejnov\u011bj\u0161\u00ed verze kombinovan\u00e9 pece SkyLine potvrzuje trval\u00fd z\u00e1vazek spole\u010dnosti Electrolux Professional navrhovat a dod\u00e1vat udr\u017eiteln\u00e9 \u0159e\u0161en\u00ed, kter\u00e9 podporuje cirkul\u00e1rn\u00ed ekonomiku. P\u0159i lo\u0148sk\u00e9m uveden\u00ed nov\u00e9 verze SkyLine na trh byla udr\u017eitelnost kl\u00ed\u010dov\u00fdm prvkem s hmatateln\u00fdmi ka\u017edodenn\u00edmi v\u00fdhodami pro z\u00e1kazn\u00edky, v\u010detn\u011b m\u011b\u0159iteln\u00e9ho sn\u00ed\u017een\u00ed dopadu na \u017eivotn\u00ed prost\u0159ed\u00ed a provozn\u00edch n\u00e1klad\u016f.[\/vc_column_text][vc_empty_space height=&#8221;15px&#8221;][\/vc_column][\/vc_row][vc_row][vc_column][vc_empty_space height=&#8221;15px&#8221;][elx_text_image style_image=&#8221;image_square&#8221; image_position_mobile=&#8221;mobile-order-4&#8243; bg_row=&#8221;bg-download-white&#8221; lists=&#8221;%5B%7B%7D%5D&#8221; values=&#8221;%5B%5D&#8221; [&hellip;]<\/p>\n","protected":false},"author":1,"featured_media":14771,"comment_status":"closed","ping_status":"closed","sticky":false,"template":"","format":"standard","meta":{"footnotes":""},"categories":[196,173,178],"tags":[],"class_list":["post-14774","post","type-post","status-publish","format-standard","has-post-thumbnail","hentry","category-innovation","category-food","category-sustainability"],"acf":[],"yoast_head":"<!-- This site is optimized with the Yoast SEO plugin v23.3 - https:\/\/yoast.com\/wordpress\/plugins\/seo\/ -->\n<title>Kombinovan\u00e1 trouba SkyLine stanovuje nov\u00e9 standardy udr\u017eitelnosti | Electrolux Professional<\/title>\n<meta name=\"description\" content=\"Nejnov\u011bj\u0161\u00ed SkyLine Combi Oven od Electrolux Professional zvy\u0161uje standardy udr\u017eitelnosti d\u00edky schopnosti pracovat s vod\u00edkem, platinov\u00e9 opravitelnosti a m\u011b\u0159iteln\u00fdm \u00faspor\u00e1m energie pro profesion\u00e1ln\u00ed kuchyn\u011b p\u0159ipraven\u00e9 na budoucnost.\" \/>\n<meta name=\"robots\" content=\"index, follow, max-snippet:-1, max-image-preview:large, max-video-preview:-1\" \/>\n<link rel=\"canonical\" href=\"https:\/\/www.electroluxprofessional.com\/cz\/skyline-kombinovana-trouba-nove-standardy-udrzitelnosti\/\" \/>\n<meta property=\"og:locale\" content=\"cs_CZ\" \/>\n<meta property=\"og:type\" content=\"article\" \/>\n<meta property=\"og:title\" content=\"Kombinovan\u00e1 trouba SkyLine stanovuje nov\u00e9 standardy udr\u017eitelnosti | Electrolux Professional\" \/>\n<meta property=\"og:description\" content=\"Nejnov\u011bj\u0161\u00ed SkyLine Combi Oven od Electrolux Professional zvy\u0161uje standardy udr\u017eitelnosti d\u00edky schopnosti pracovat s vod\u00edkem, platinov\u00e9 opravitelnosti a m\u011b\u0159iteln\u00fdm \u00faspor\u00e1m energie pro profesion\u00e1ln\u00ed kuchyn\u011b p\u0159ipraven\u00e9 na budoucnost.\" \/>\n<meta property=\"og:url\" content=\"https:\/\/www.electroluxprofessional.com\/cz\/skyline-kombinovana-trouba-nove-standardy-udrzitelnosti\/\" \/>\n<meta property=\"og:site_name\" content=\"Electrolux Professional \u010cesk\u00e1 republika\" \/>\n<meta property=\"article:publisher\" content=\"https:\/\/www.facebook.com\/electroluxprofessional\" \/>\n<meta property=\"article:published_time\" content=\"2026-03-10T07:32:22+00:00\" \/>\n<meta property=\"article:modified_time\" content=\"2026-04-01T10:26:27+00:00\" \/>\n<meta property=\"og:image\" content=\"https:\/\/www.electroluxprofessional.com\/cz\/wp-content\/uploads\/2026\/03\/Immagine-news-UL-2000x400px.jpg\" \/>\n\t<meta property=\"og:image:width\" content=\"2000\" \/>\n\t<meta property=\"og:image:height\" content=\"400\" \/>\n\t<meta property=\"og:image:type\" content=\"image\/jpeg\" \/>\n<meta name=\"author\" content=\"Com21 Com21\" \/>\n<meta name=\"twitter:card\" content=\"summary_large_image\" \/>\n<meta name=\"twitter:creator\" content=\"@ElectroluxPro\" \/>\n<meta name=\"twitter:site\" content=\"@ElectroluxPro\" \/>\n<meta name=\"twitter:label1\" content=\"Napsal(a)\" \/>\n\t<meta name=\"twitter:data1\" content=\"Com21 Com21\" \/>\n\t<meta name=\"twitter:label2\" content=\"Odhadovan\u00e1 doba \u010dten\u00ed\" \/>\n\t<meta name=\"twitter:data2\" content=\"3 minuty\" \/>\n<script type=\"application\/ld+json\" class=\"yoast-schema-graph\">{\"@context\":\"https:\/\/schema.org\",\"@graph\":[{\"@type\":\"WebPage\",\"@id\":\"https:\/\/www.electroluxprofessional.com\/cz\/skyline-kombinovana-trouba-nove-standardy-udrzitelnosti\/\",\"url\":\"https:\/\/www.electroluxprofessional.com\/cz\/skyline-kombinovana-trouba-nove-standardy-udrzitelnosti\/\",\"name\":\"Kombinovan\u00e1 trouba SkyLine stanovuje nov\u00e9 standardy udr\u017eitelnosti | Electrolux Professional\",\"isPartOf\":{\"@id\":\"https:\/\/www.electroluxprofessional.com\/cz\/#website\"},\"primaryImageOfPage\":{\"@id\":\"https:\/\/www.electroluxprofessional.com\/cz\/skyline-kombinovana-trouba-nove-standardy-udrzitelnosti\/#primaryimage\"},\"image\":{\"@id\":\"https:\/\/www.electroluxprofessional.com\/cz\/skyline-kombinovana-trouba-nove-standardy-udrzitelnosti\/#primaryimage\"},\"thumbnailUrl\":\"https:\/\/www.electroluxprofessional.com\/cz\/wp-content\/uploads\/2026\/03\/Immagine-news-UL-2000x400px.jpg\",\"datePublished\":\"2026-03-10T07:32:22+00:00\",\"dateModified\":\"2026-04-01T10:26:27+00:00\",\"author\":{\"@id\":\"https:\/\/www.electroluxprofessional.com\/cz\/#\/schema\/person\/9e4854000c5770be22f7f039b77db85d\"},\"description\":\"Nejnov\u011bj\u0161\u00ed SkyLine Combi Oven od Electrolux Professional zvy\u0161uje standardy udr\u017eitelnosti d\u00edky schopnosti pracovat s vod\u00edkem, platinov\u00e9 opravitelnosti a m\u011b\u0159iteln\u00fdm \u00faspor\u00e1m energie pro profesion\u00e1ln\u00ed kuchyn\u011b p\u0159ipraven\u00e9 na budoucnost.\",\"breadcrumb\":{\"@id\":\"https:\/\/www.electroluxprofessional.com\/cz\/skyline-kombinovana-trouba-nove-standardy-udrzitelnosti\/#breadcrumb\"},\"inLanguage\":\"cs\",\"potentialAction\":[{\"@type\":\"ReadAction\",\"target\":[\"https:\/\/www.electroluxprofessional.com\/cz\/skyline-kombinovana-trouba-nove-standardy-udrzitelnosti\/\"]}]},{\"@type\":\"ImageObject\",\"inLanguage\":\"cs\",\"@id\":\"https:\/\/www.electroluxprofessional.com\/cz\/skyline-kombinovana-trouba-nove-standardy-udrzitelnosti\/#primaryimage\",\"url\":\"https:\/\/www.electroluxprofessional.com\/cz\/wp-content\/uploads\/2026\/03\/Immagine-news-UL-2000x400px.jpg\",\"contentUrl\":\"https:\/\/www.electroluxprofessional.com\/cz\/wp-content\/uploads\/2026\/03\/Immagine-news-UL-2000x400px.jpg\",\"width\":2000,\"height\":400},{\"@type\":\"BreadcrumbList\",\"@id\":\"https:\/\/www.electroluxprofessional.com\/cz\/skyline-kombinovana-trouba-nove-standardy-udrzitelnosti\/#breadcrumb\",\"itemListElement\":[{\"@type\":\"ListItem\",\"position\":1,\"name\":\"Home\",\"item\":\"https:\/\/www.electroluxprofessional.com\/cz\/\"},{\"@type\":\"ListItem\",\"position\":2,\"name\":\"SkyLine: kombinovan\u00e1 trouba, kter\u00e1 neust\u00e1le nastavuje nov\u00e9 standardy udr\u017eitelnosti\"}]},{\"@type\":\"WebSite\",\"@id\":\"https:\/\/www.electroluxprofessional.com\/cz\/#website\",\"url\":\"https:\/\/www.electroluxprofessional.com\/cz\/\",\"name\":\"Electrolux Professional \u010cesk\u00e1 republika\",\"description\":\"\",\"potentialAction\":[{\"@type\":\"SearchAction\",\"target\":{\"@type\":\"EntryPoint\",\"urlTemplate\":\"https:\/\/www.electroluxprofessional.com\/cz\/?src={search_term_string}\"},\"query-input\":\"required name=search_term_string\"}],\"inLanguage\":\"cs\"},{\"@type\":\"Person\",\"@id\":\"https:\/\/www.electroluxprofessional.com\/cz\/#\/schema\/person\/9e4854000c5770be22f7f039b77db85d\",\"name\":\"Com21 Com21\",\"image\":{\"@type\":\"ImageObject\",\"inLanguage\":\"cs\",\"@id\":\"https:\/\/www.electroluxprofessional.com\/cz\/#\/schema\/person\/image\/\",\"url\":\"https:\/\/secure.gravatar.com\/avatar\/c85bb82a173a15fa539a2afef07bd298?s=96&d=mm&r=g\",\"contentUrl\":\"https:\/\/secure.gravatar.com\/avatar\/c85bb82a173a15fa539a2afef07bd298?s=96&d=mm&r=g\",\"caption\":\"Com21 Com21\"},\"url\":\"https:\/\/www.electroluxprofessional.com\/cz\/author\/eprwebmaster-jobinformatica-it\/\"}]}<\/script>\n<!-- \/ Yoast SEO plugin. -->","yoast_head_json":{"title":"Kombinovan\u00e1 trouba SkyLine stanovuje nov\u00e9 standardy udr\u017eitelnosti | Electrolux Professional","description":"Nejnov\u011bj\u0161\u00ed SkyLine Combi Oven od Electrolux Professional zvy\u0161uje standardy udr\u017eitelnosti d\u00edky schopnosti pracovat s vod\u00edkem, platinov\u00e9 opravitelnosti a m\u011b\u0159iteln\u00fdm \u00faspor\u00e1m energie pro profesion\u00e1ln\u00ed kuchyn\u011b p\u0159ipraven\u00e9 na budoucnost.","robots":{"index":"index","follow":"follow","max-snippet":"max-snippet:-1","max-image-preview":"max-image-preview:large","max-video-preview":"max-video-preview:-1"},"canonical":"https:\/\/www.electroluxprofessional.com\/cz\/skyline-kombinovana-trouba-nove-standardy-udrzitelnosti\/","og_locale":"cs_CZ","og_type":"article","og_title":"Kombinovan\u00e1 trouba SkyLine stanovuje nov\u00e9 standardy udr\u017eitelnosti | Electrolux Professional","og_description":"Nejnov\u011bj\u0161\u00ed SkyLine Combi Oven od Electrolux Professional zvy\u0161uje standardy udr\u017eitelnosti d\u00edky schopnosti pracovat s vod\u00edkem, platinov\u00e9 opravitelnosti a m\u011b\u0159iteln\u00fdm \u00faspor\u00e1m energie pro profesion\u00e1ln\u00ed kuchyn\u011b p\u0159ipraven\u00e9 na budoucnost.","og_url":"https:\/\/www.electroluxprofessional.com\/cz\/skyline-kombinovana-trouba-nove-standardy-udrzitelnosti\/","og_site_name":"Electrolux Professional \u010cesk\u00e1 republika","article_publisher":"https:\/\/www.facebook.com\/electroluxprofessional","article_published_time":"2026-03-10T07:32:22+00:00","article_modified_time":"2026-04-01T10:26:27+00:00","og_image":[{"width":2000,"height":400,"url":"https:\/\/www.electroluxprofessional.com\/cz\/wp-content\/uploads\/2026\/03\/Immagine-news-UL-2000x400px.jpg","type":"image\/jpeg"}],"author":"Com21 Com21","twitter_card":"summary_large_image","twitter_creator":"@ElectroluxPro","twitter_site":"@ElectroluxPro","twitter_misc":{"Napsal(a)":"Com21 Com21","Odhadovan\u00e1 doba \u010dten\u00ed":"3 minuty"},"schema":{"@context":"https:\/\/schema.org","@graph":[{"@type":"WebPage","@id":"https:\/\/www.electroluxprofessional.com\/cz\/skyline-kombinovana-trouba-nove-standardy-udrzitelnosti\/","url":"https:\/\/www.electroluxprofessional.com\/cz\/skyline-kombinovana-trouba-nove-standardy-udrzitelnosti\/","name":"Kombinovan\u00e1 trouba SkyLine stanovuje nov\u00e9 standardy udr\u017eitelnosti | Electrolux Professional","isPartOf":{"@id":"https:\/\/www.electroluxprofessional.com\/cz\/#website"},"primaryImageOfPage":{"@id":"https:\/\/www.electroluxprofessional.com\/cz\/skyline-kombinovana-trouba-nove-standardy-udrzitelnosti\/#primaryimage"},"image":{"@id":"https:\/\/www.electroluxprofessional.com\/cz\/skyline-kombinovana-trouba-nove-standardy-udrzitelnosti\/#primaryimage"},"thumbnailUrl":"https:\/\/www.electroluxprofessional.com\/cz\/wp-content\/uploads\/2026\/03\/Immagine-news-UL-2000x400px.jpg","datePublished":"2026-03-10T07:32:22+00:00","dateModified":"2026-04-01T10:26:27+00:00","author":{"@id":"https:\/\/www.electroluxprofessional.com\/cz\/#\/schema\/person\/9e4854000c5770be22f7f039b77db85d"},"description":"Nejnov\u011bj\u0161\u00ed SkyLine Combi Oven od Electrolux Professional zvy\u0161uje standardy udr\u017eitelnosti d\u00edky schopnosti pracovat s vod\u00edkem, platinov\u00e9 opravitelnosti a m\u011b\u0159iteln\u00fdm \u00faspor\u00e1m energie pro profesion\u00e1ln\u00ed kuchyn\u011b p\u0159ipraven\u00e9 na budoucnost.","breadcrumb":{"@id":"https:\/\/www.electroluxprofessional.com\/cz\/skyline-kombinovana-trouba-nove-standardy-udrzitelnosti\/#breadcrumb"},"inLanguage":"cs","potentialAction":[{"@type":"ReadAction","target":["https:\/\/www.electroluxprofessional.com\/cz\/skyline-kombinovana-trouba-nove-standardy-udrzitelnosti\/"]}]},{"@type":"ImageObject","inLanguage":"cs","@id":"https:\/\/www.electroluxprofessional.com\/cz\/skyline-kombinovana-trouba-nove-standardy-udrzitelnosti\/#primaryimage","url":"https:\/\/www.electroluxprofessional.com\/cz\/wp-content\/uploads\/2026\/03\/Immagine-news-UL-2000x400px.jpg","contentUrl":"https:\/\/www.electroluxprofessional.com\/cz\/wp-content\/uploads\/2026\/03\/Immagine-news-UL-2000x400px.jpg","width":2000,"height":400},{"@type":"BreadcrumbList","@id":"https:\/\/www.electroluxprofessional.com\/cz\/skyline-kombinovana-trouba-nove-standardy-udrzitelnosti\/#breadcrumb","itemListElement":[{"@type":"ListItem","position":1,"name":"Home","item":"https:\/\/www.electroluxprofessional.com\/cz\/"},{"@type":"ListItem","position":2,"name":"SkyLine: kombinovan\u00e1 trouba, kter\u00e1 neust\u00e1le nastavuje nov\u00e9 standardy udr\u017eitelnosti"}]},{"@type":"WebSite","@id":"https:\/\/www.electroluxprofessional.com\/cz\/#website","url":"https:\/\/www.electroluxprofessional.com\/cz\/","name":"Electrolux Professional \u010cesk\u00e1 republika","description":"","potentialAction":[{"@type":"SearchAction","target":{"@type":"EntryPoint","urlTemplate":"https:\/\/www.electroluxprofessional.com\/cz\/?src={search_term_string}"},"query-input":"required name=search_term_string"}],"inLanguage":"cs"},{"@type":"Person","@id":"https:\/\/www.electroluxprofessional.com\/cz\/#\/schema\/person\/9e4854000c5770be22f7f039b77db85d","name":"Com21 Com21","image":{"@type":"ImageObject","inLanguage":"cs","@id":"https:\/\/www.electroluxprofessional.com\/cz\/#\/schema\/person\/image\/","url":"https:\/\/secure.gravatar.com\/avatar\/c85bb82a173a15fa539a2afef07bd298?s=96&d=mm&r=g","contentUrl":"https:\/\/secure.gravatar.com\/avatar\/c85bb82a173a15fa539a2afef07bd298?s=96&d=mm&r=g","caption":"Com21 Com21"},"url":"https:\/\/www.electroluxprofessional.com\/cz\/author\/eprwebmaster-jobinformatica-it\/"}]}},"_links":{"self":[{"href":"https:\/\/www.electroluxprofessional.com\/cz\/wp-json\/wp\/v2\/posts\/14774"}],"collection":[{"href":"https:\/\/www.electroluxprofessional.com\/cz\/wp-json\/wp\/v2\/posts"}],"about":[{"href":"https:\/\/www.electroluxprofessional.com\/cz\/wp-json\/wp\/v2\/types\/post"}],"author":[{"embeddable":true,"href":"https:\/\/www.electroluxprofessional.com\/cz\/wp-json\/wp\/v2\/users\/1"}],"replies":[{"embeddable":true,"href":"https:\/\/www.electroluxprofessional.com\/cz\/wp-json\/wp\/v2\/comments?post=14774"}],"version-history":[{"count":3,"href":"https:\/\/www.electroluxprofessional.com\/cz\/wp-json\/wp\/v2\/posts\/14774\/revisions"}],"predecessor-version":[{"id":14880,"href":"https:\/\/www.electroluxprofessional.com\/cz\/wp-json\/wp\/v2\/posts\/14774\/revisions\/14880"}],"wp:featuredmedia":[{"embeddable":true,"href":"https:\/\/www.electroluxprofessional.com\/cz\/wp-json\/wp\/v2\/media\/14771"}],"wp:attachment":[{"href":"https:\/\/www.electroluxprofessional.com\/cz\/wp-json\/wp\/v2\/media?parent=14774"}],"wp:term":[{"taxonomy":"category","embeddable":true,"href":"https:\/\/www.electroluxprofessional.com\/cz\/wp-json\/wp\/v2\/categories?post=14774"},{"taxonomy":"post_tag","embeddable":true,"href":"https:\/\/www.electroluxprofessional.com\/cz\/wp-json\/wp\/v2\/tags?post=14774"}],"curies":[{"name":"wp","href":"https:\/\/api.w.org\/{rel}","templated":true}]}}