{"id":12775,"date":"2025-01-07T08:31:27","date_gmt":"2025-01-07T08:31:27","guid":{"rendered":"https:\/\/www.electroluxprofessional.com\/cz\/?p=12775"},"modified":"2025-01-07T08:45:22","modified_gmt":"2025-01-07T08:45:22","slug":"gourmexpress-the-high-speed-oven-good-design-oceneni","status":"publish","type":"post","link":"https:\/\/www.electroluxprofessional.com\/cz\/gourmexpress-the-high-speed-oven-good-design-oceneni\/","title":{"rendered":"Vysokorychlostn\u00ed trouba GourmeXpress z\u00edskala presti\u017en\u00ed ocen\u011bn\u00ed Good Design Award"},"content":{"rendered":"<p>[vc_row][vc_column][elx_heading text_color=&#8221;inherit&#8221;]Ocen\u011bn\u00ed Good Design Award dopl\u0148uje zlatou cenu Grands Prix Du Design na rostouc\u00edm seznamu \u00fasp\u011bch\u016f vysokorychlostn\u00ed trouby[\/elx_heading][vc_empty_space][vc_column_text]Kompaktn\u00ed \u0159e\u0161en\u00ed pro rychl\u00e9 va\u0159en\u00ed od spole\u010dnosti Electrolux Professional, <strong>GourmeXpress<\/strong>, z\u00edskalo presti\u017en\u00ed ocen\u011bn\u00ed <strong>Good Design Award<\/strong> v kategorii Kuchyn\u011b a spot\u0159ebi\u010de.<\/p>\n<p><strong>Good Design Award<\/strong>, zalo\u017een\u00e1 v roce 1957, je ji\u017e v\u00edce ne\u017e 60 let uzn\u00e1van\u00e1 jako pr\u016fmyslov\u00fd standard pro \u0161pi\u010dkov\u00fd design produkt\u016f v r\u016fzn\u00fdch kategori\u00edch. Toto ocen\u011bn\u00ed je synonymem spolehlivosti a \u0159e\u0161en\u00ed probl\u00e9m\u016f prost\u0159ednictv\u00edm designu, p\u0159i\u010dem\u017e v\u00edt\u011bzn\u00e9 produkty jsou oce\u0148ov\u00e1ny za svou inovaci.[\/vc_column_text][\/vc_column][\/vc_row][vc_row][vc_column][vc_column_text]P\u0159edstaven\u00edm na veletrhu <strong>Internorga v N\u011bmecku<\/strong> v lo\u0148sk\u00e9m roce se rodina vysokorychlostn\u00edch kuchy\u0148sk\u00fdch \u0159e\u0161en\u00ed spole\u010dnosti Electrolux Professional rozrostla o <strong><a href=\"https:\/\/www.electroluxprofessional.com\/cz\/commercial-kitchen-equipment\/gourmexpress-high-speed-oven\/\" target=\"_blank\" rel=\"noopener\">GourmeXpress<\/a><\/strong>, kter\u00fd zaujal m\u00edsto vedle ji\u017e zaveden\u00e9ho modelu <a href=\"https:\/\/www.electroluxprofessional.com\/cz\/commercial-kitchen-equipment\/vysokorychlostni-profesionalni-gril-speedelight\/\"><strong>SpeeDelight<\/strong><\/a>.<\/p>\n<p><strong><a href=\"https:\/\/www.electroluxprofessional.com\/cz\/commercial-kitchen-equipment\/gourmexpress-high-speed-oven\/\" target=\"_blank\" rel=\"noopener\">GourmeXpress<\/a><\/strong> spojuje t\u0159i technologie va\u0159en\u00ed \u2013 konvekci, mikrovlny a horkovzdu\u0161n\u00e9 proud\u011bn\u00ed \u2013 do jednoho kompaktn\u00edho za\u0159\u00edzen\u00ed, kter\u00e9 je ide\u00e1ln\u00edm kuchy\u0148sk\u00fdm pomocn\u00edkem pro \u0159et\u011bzce rychl\u00e9ho ob\u010derstven\u00ed i nez\u00e1visl\u00e9 provozy. Spolu se sv\u00fdm sestersk\u00fdm za\u0159\u00edzen\u00edm se v\u00fdborn\u011b hod\u00ed tak\u00e9 pro rychl\u00e9 obsluhy na \u017eelezni\u010dn\u00edch stanic\u00edch, leti\u0161t\u00edch a hotelov\u00fdch kav\u00e1rn\u00e1ch.<\/p>\n<p>Trouba je schopna b\u011bhem n\u011bkolika minut p\u0159ipravit regenerovan\u00e9 pokrmy, jako jsou lasagne, a snadno se ovl\u00e1d\u00e1 pomoc\u00ed \u0161irok\u00e9ho v\u00fdb\u011bru programovateln\u00fdch menu. Pro energeticky \u0161etrn\u00e9 provozy nab\u00edz\u00ed vestav\u011bn\u00fd re\u017eim \u00faspory energie, kter\u00fd spot\u0159ebuje pouh\u00fdch 0,5 kW za hodinu.[\/vc_column_text][\/vc_column][\/vc_row][vc_row][vc_column][vc_column_text]<strong>GourmeXpress<\/strong> kombinuje inovativn\u00ed funkce s modern\u00edm, minimalistick\u00fdm designem, kter\u00fd klade d\u016fraz na ergonomii. Za\u0159\u00edzen\u00ed m\u00e1 celosklen\u011bn\u00fd panel a ocelovou rukoje\u0165, co\u017e spolu se skl\u011bn\u011bn\u00fdmi a kovov\u00fdmi prvky zaji\u0161\u0165uje vysokou hygienu a snadn\u00e9 \u010di\u0161t\u011bn\u00ed.<\/p>\n<p>V\u00fdrazn\u00e9 logo zna\u010dky a elegantn\u00ed barevn\u00e9 proveden\u00ed dotv\u00e1\u0159ej\u00ed stylov\u00fd vzhled, kter\u00fd se hod\u00ed do r\u016fzn\u00fdch prost\u0159ed\u00ed. P\u0159i konstrukci za\u0159\u00edzen\u00ed byl kladen d\u016fraz na pou\u017eit\u00ed udr\u017eiteln\u00fdch materi\u00e1l\u016f, jako je sklo a ocel, s minim\u00e1ln\u00edm pou\u017eit\u00edm plastov\u00fdch komponent\u016f.[\/vc_column_text][\/vc_column][\/vc_row][vc_row][vc_column][vc_empty_space][vc_column_text]<\/p>\n<blockquote><p>\u201e<strong>GourmeXpress<\/strong> je dokonal\u00fdm spojen\u00edm designu a funk\u010dnosti. Jeho s\u00edla spo\u010d\u00edv\u00e1 v jednoduchosti, kter\u00e1 zaji\u0161\u0165uje bezkonkuren\u010dn\u00ed p\u0159izp\u016fsobivost, d\u00edky n\u00ed\u017e se hod\u00ed do jak\u00e9hokoli kuchy\u0148sk\u00e9ho nebo ve\u0159ejn\u00e9ho prost\u0159ed\u00ed,\u201c uvedl <strong>Michele Cadamuro, hlavn\u00ed design\u00e9r spole\u010dnosti Electrolux Professiona<\/strong>l.<\/p><\/blockquote>\n<p>[\/vc_column_text][vc_empty_space][vc_column_text]Za\u0159\u00edzen\u00ed je nav\u00edc bez odtahu, co\u017e p\u0159isp\u00edv\u00e1 k jeho kompaktn\u00edmu vzhledu. Nepot\u0159ebuje \u017e\u00e1dnou digesto\u0159, co\u017e umo\u017e\u0148uje um\u00edst\u011bn\u00ed <strong>GourmeXpress<\/strong> kdekoli v pracovn\u00edm prost\u0159ed\u00ed.[\/vc_column_text][vc_empty_space][vc_column_text]<\/p>\n<blockquote><p>\u201eP\u0159i pohledu na <strong>GourmeXpress<\/strong> v\u00e1m jeho tvar a linie napov\u00ed,, co od n\u011bj m\u016f\u017eete o\u010dek\u00e1vat: vysok\u00fd v\u00fdkon, snadn\u00e9 ovl\u00e1d\u00e1n\u00ed a p\u0159edev\u0161\u00edm spolehlivost. Vyv\u00e1\u017een\u00ed t\u011bchto faktor\u016f nen\u00ed v\u017edy snadn\u00e9, ale GourmeXpress je v\u00a0tomto ohledu p\u0159\u00edkladem, jak potvrzuje i ocen\u011bn\u00ed Good Design Award,\u201c uzav\u0159el <strong>Leandro Lapietra, produktov\u00fd design\u00e9r kategorie Hot &amp; Cold spole\u010dnosti Electrolux Professional<\/strong>.<\/p><\/blockquote>\n<p>[\/vc_column_text][\/vc_column][\/vc_row]<\/p>\n","protected":false},"excerpt":{"rendered":"<p>[vc_row][vc_column][elx_heading text_color=&#8221;inherit&#8221;]Ocen\u011bn\u00ed Good Design Award dopl\u0148uje zlatou cenu Grands Prix Du Design na rostouc\u00edm seznamu \u00fasp\u011bch\u016f vysokorychlostn\u00ed trouby[\/elx_heading][vc_empty_space][vc_column_text]Kompaktn\u00ed \u0159e\u0161en\u00ed pro rychl\u00e9 va\u0159en\u00ed od spole\u010dnosti Electrolux Professional, GourmeXpress, z\u00edskalo presti\u017en\u00ed ocen\u011bn\u00ed Good Design Award v kategorii Kuchyn\u011b a spot\u0159ebi\u010de. Good Design Award, zalo\u017een\u00e1 v roce 1957, je ji\u017e v\u00edce ne\u017e 60 let uzn\u00e1van\u00e1 jako pr\u016fmyslov\u00fd standard [&hellip;]<\/p>\n","protected":false},"author":39,"featured_media":12773,"comment_status":"closed","ping_status":"closed","sticky":false,"template":"","format":"standard","meta":{"footnotes":""},"categories":[158],"tags":[],"class_list":["post-12775","post","type-post","status-publish","format-standard","has-post-thumbnail","hentry","category-awards"],"acf":[],"yoast_head":"<!-- This site is optimized with the Yoast SEO plugin v23.3 - https:\/\/yoast.com\/wordpress\/plugins\/seo\/ -->\n<title>Vysokorychlostn\u00ed trouba GourmeXpress z\u00edskala presti\u017en\u00ed ocen\u011bn\u00ed Good Design Award - Electrolux Professional \u010cesk\u00e1 republika<\/title>\n<meta name=\"description\" content=\"GourmeXpress, kompaktn\u00ed vysokorychlostn\u00ed \u0159e\u0161en\u00ed va\u0159en\u00ed od Electrolux Professional, z\u00edskalo presti\u017en\u00ed ocen\u011bn\u00ed Good Design Award 2023 v kategorii Kuchyn\u011b a spot\u0159ebi\u010de.\" \/>\n<meta name=\"robots\" content=\"index, follow, max-snippet:-1, max-image-preview:large, max-video-preview:-1\" \/>\n<link rel=\"canonical\" href=\"https:\/\/www.electroluxprofessional.com\/cz\/gourmexpress-the-high-speed-oven-good-design-oceneni\/\" \/>\n<meta property=\"og:locale\" content=\"cs_CZ\" \/>\n<meta property=\"og:type\" content=\"article\" \/>\n<meta property=\"og:title\" content=\"Vysokorychlostn\u00ed trouba GourmeXpress z\u00edskala presti\u017en\u00ed ocen\u011bn\u00ed Good Design Award - Electrolux Professional \u010cesk\u00e1 republika\" \/>\n<meta property=\"og:description\" content=\"GourmeXpress, kompaktn\u00ed vysokorychlostn\u00ed \u0159e\u0161en\u00ed va\u0159en\u00ed od Electrolux Professional, z\u00edskalo presti\u017en\u00ed ocen\u011bn\u00ed Good Design Award 2023 v kategorii Kuchyn\u011b a spot\u0159ebi\u010de.\" \/>\n<meta property=\"og:url\" content=\"https:\/\/www.electroluxprofessional.com\/cz\/gourmexpress-the-high-speed-oven-good-design-oceneni\/\" \/>\n<meta property=\"og:site_name\" content=\"Electrolux Professional \u010cesk\u00e1 republika\" \/>\n<meta property=\"article:publisher\" content=\"https:\/\/www.facebook.com\/electroluxprofessional\" \/>\n<meta property=\"article:published_time\" content=\"2025-01-07T08:31:27+00:00\" \/>\n<meta property=\"article:modified_time\" content=\"2025-01-07T08:45:22+00:00\" \/>\n<meta property=\"og:image\" content=\"https:\/\/www.electroluxprofessional.com\/cz\/wp-content\/uploads\/2025\/01\/2024386EI-00-web-banner-good-design-award-2000x350-1.jpg\" \/>\n\t<meta property=\"og:image:width\" content=\"2000\" \/>\n\t<meta property=\"og:image:height\" content=\"350\" \/>\n\t<meta property=\"og:image:type\" content=\"image\/jpeg\" \/>\n<meta name=\"author\" content=\"Jan Bazant\" \/>\n<meta name=\"twitter:card\" content=\"summary_large_image\" \/>\n<meta name=\"twitter:creator\" content=\"@ElectroluxPro\" \/>\n<meta name=\"twitter:site\" content=\"@ElectroluxPro\" \/>\n<meta name=\"twitter:label1\" content=\"Napsal(a)\" \/>\n\t<meta name=\"twitter:data1\" content=\"Jan Bazant\" \/>\n\t<meta name=\"twitter:label2\" content=\"Odhadovan\u00e1 doba \u010dten\u00ed\" \/>\n\t<meta name=\"twitter:data2\" content=\"2 minuty\" \/>\n<script type=\"application\/ld+json\" class=\"yoast-schema-graph\">{\"@context\":\"https:\/\/schema.org\",\"@graph\":[{\"@type\":\"WebPage\",\"@id\":\"https:\/\/www.electroluxprofessional.com\/cz\/gourmexpress-the-high-speed-oven-good-design-oceneni\/\",\"url\":\"https:\/\/www.electroluxprofessional.com\/cz\/gourmexpress-the-high-speed-oven-good-design-oceneni\/\",\"name\":\"Vysokorychlostn\u00ed trouba GourmeXpress z\u00edskala presti\u017en\u00ed ocen\u011bn\u00ed Good Design Award - Electrolux Professional \u010cesk\u00e1 republika\",\"isPartOf\":{\"@id\":\"https:\/\/www.electroluxprofessional.com\/cz\/#website\"},\"primaryImageOfPage\":{\"@id\":\"https:\/\/www.electroluxprofessional.com\/cz\/gourmexpress-the-high-speed-oven-good-design-oceneni\/#primaryimage\"},\"image\":{\"@id\":\"https:\/\/www.electroluxprofessional.com\/cz\/gourmexpress-the-high-speed-oven-good-design-oceneni\/#primaryimage\"},\"thumbnailUrl\":\"https:\/\/www.electroluxprofessional.com\/cz\/wp-content\/uploads\/2025\/01\/2024386EI-00-web-banner-good-design-award-2000x350-1.jpg\",\"datePublished\":\"2025-01-07T08:31:27+00:00\",\"dateModified\":\"2025-01-07T08:45:22+00:00\",\"author\":{\"@id\":\"https:\/\/www.electroluxprofessional.com\/cz\/#\/schema\/person\/aff66d7bfd202eaeb4319e5568229a8b\"},\"description\":\"GourmeXpress, kompaktn\u00ed vysokorychlostn\u00ed \u0159e\u0161en\u00ed va\u0159en\u00ed od Electrolux Professional, z\u00edskalo presti\u017en\u00ed ocen\u011bn\u00ed Good Design Award 2023 v kategorii Kuchyn\u011b a spot\u0159ebi\u010de.\",\"breadcrumb\":{\"@id\":\"https:\/\/www.electroluxprofessional.com\/cz\/gourmexpress-the-high-speed-oven-good-design-oceneni\/#breadcrumb\"},\"inLanguage\":\"cs\",\"potentialAction\":[{\"@type\":\"ReadAction\",\"target\":[\"https:\/\/www.electroluxprofessional.com\/cz\/gourmexpress-the-high-speed-oven-good-design-oceneni\/\"]}]},{\"@type\":\"ImageObject\",\"inLanguage\":\"cs\",\"@id\":\"https:\/\/www.electroluxprofessional.com\/cz\/gourmexpress-the-high-speed-oven-good-design-oceneni\/#primaryimage\",\"url\":\"https:\/\/www.electroluxprofessional.com\/cz\/wp-content\/uploads\/2025\/01\/2024386EI-00-web-banner-good-design-award-2000x350-1.jpg\",\"contentUrl\":\"https:\/\/www.electroluxprofessional.com\/cz\/wp-content\/uploads\/2025\/01\/2024386EI-00-web-banner-good-design-award-2000x350-1.jpg\",\"width\":2000,\"height\":350},{\"@type\":\"BreadcrumbList\",\"@id\":\"https:\/\/www.electroluxprofessional.com\/cz\/gourmexpress-the-high-speed-oven-good-design-oceneni\/#breadcrumb\",\"itemListElement\":[{\"@type\":\"ListItem\",\"position\":1,\"name\":\"Home\",\"item\":\"https:\/\/www.electroluxprofessional.com\/cz\/\"},{\"@type\":\"ListItem\",\"position\":2,\"name\":\"Vysokorychlostn\u00ed trouba GourmeXpress z\u00edskala presti\u017en\u00ed ocen\u011bn\u00ed Good Design Award\"}]},{\"@type\":\"WebSite\",\"@id\":\"https:\/\/www.electroluxprofessional.com\/cz\/#website\",\"url\":\"https:\/\/www.electroluxprofessional.com\/cz\/\",\"name\":\"Electrolux Professional \u010cesk\u00e1 republika\",\"description\":\"\",\"potentialAction\":[{\"@type\":\"SearchAction\",\"target\":{\"@type\":\"EntryPoint\",\"urlTemplate\":\"https:\/\/www.electroluxprofessional.com\/cz\/?src={search_term_string}\"},\"query-input\":\"required name=search_term_string\"}],\"inLanguage\":\"cs\"},{\"@type\":\"Person\",\"@id\":\"https:\/\/www.electroluxprofessional.com\/cz\/#\/schema\/person\/aff66d7bfd202eaeb4319e5568229a8b\",\"name\":\"Jan Bazant\",\"image\":{\"@type\":\"ImageObject\",\"inLanguage\":\"cs\",\"@id\":\"https:\/\/www.electroluxprofessional.com\/cz\/#\/schema\/person\/image\/\",\"url\":\"https:\/\/secure.gravatar.com\/avatar\/0527a30e1fad1f2588eed6df137fb8c9?s=96&d=mm&r=g\",\"contentUrl\":\"https:\/\/secure.gravatar.com\/avatar\/0527a30e1fad1f2588eed6df137fb8c9?s=96&d=mm&r=g\",\"caption\":\"Jan Bazant\"},\"url\":\"https:\/\/www.electroluxprofessional.com\/cz\/author\/bazant\/\"}]}<\/script>\n<!-- \/ Yoast SEO plugin. -->","yoast_head_json":{"title":"Vysokorychlostn\u00ed trouba GourmeXpress z\u00edskala presti\u017en\u00ed ocen\u011bn\u00ed Good Design Award - Electrolux Professional \u010cesk\u00e1 republika","description":"GourmeXpress, kompaktn\u00ed vysokorychlostn\u00ed \u0159e\u0161en\u00ed va\u0159en\u00ed od Electrolux Professional, z\u00edskalo presti\u017en\u00ed ocen\u011bn\u00ed Good Design Award 2023 v kategorii Kuchyn\u011b a spot\u0159ebi\u010de.","robots":{"index":"index","follow":"follow","max-snippet":"max-snippet:-1","max-image-preview":"max-image-preview:large","max-video-preview":"max-video-preview:-1"},"canonical":"https:\/\/www.electroluxprofessional.com\/cz\/gourmexpress-the-high-speed-oven-good-design-oceneni\/","og_locale":"cs_CZ","og_type":"article","og_title":"Vysokorychlostn\u00ed trouba GourmeXpress z\u00edskala presti\u017en\u00ed ocen\u011bn\u00ed Good Design Award - Electrolux Professional \u010cesk\u00e1 republika","og_description":"GourmeXpress, kompaktn\u00ed vysokorychlostn\u00ed \u0159e\u0161en\u00ed va\u0159en\u00ed od Electrolux Professional, z\u00edskalo presti\u017en\u00ed ocen\u011bn\u00ed Good Design Award 2023 v kategorii Kuchyn\u011b a spot\u0159ebi\u010de.","og_url":"https:\/\/www.electroluxprofessional.com\/cz\/gourmexpress-the-high-speed-oven-good-design-oceneni\/","og_site_name":"Electrolux Professional \u010cesk\u00e1 republika","article_publisher":"https:\/\/www.facebook.com\/electroluxprofessional","article_published_time":"2025-01-07T08:31:27+00:00","article_modified_time":"2025-01-07T08:45:22+00:00","og_image":[{"width":2000,"height":350,"url":"https:\/\/www.electroluxprofessional.com\/cz\/wp-content\/uploads\/2025\/01\/2024386EI-00-web-banner-good-design-award-2000x350-1.jpg","type":"image\/jpeg"}],"author":"Jan Bazant","twitter_card":"summary_large_image","twitter_creator":"@ElectroluxPro","twitter_site":"@ElectroluxPro","twitter_misc":{"Napsal(a)":"Jan Bazant","Odhadovan\u00e1 doba \u010dten\u00ed":"2 minuty"},"schema":{"@context":"https:\/\/schema.org","@graph":[{"@type":"WebPage","@id":"https:\/\/www.electroluxprofessional.com\/cz\/gourmexpress-the-high-speed-oven-good-design-oceneni\/","url":"https:\/\/www.electroluxprofessional.com\/cz\/gourmexpress-the-high-speed-oven-good-design-oceneni\/","name":"Vysokorychlostn\u00ed trouba GourmeXpress z\u00edskala presti\u017en\u00ed ocen\u011bn\u00ed Good Design Award - Electrolux Professional \u010cesk\u00e1 republika","isPartOf":{"@id":"https:\/\/www.electroluxprofessional.com\/cz\/#website"},"primaryImageOfPage":{"@id":"https:\/\/www.electroluxprofessional.com\/cz\/gourmexpress-the-high-speed-oven-good-design-oceneni\/#primaryimage"},"image":{"@id":"https:\/\/www.electroluxprofessional.com\/cz\/gourmexpress-the-high-speed-oven-good-design-oceneni\/#primaryimage"},"thumbnailUrl":"https:\/\/www.electroluxprofessional.com\/cz\/wp-content\/uploads\/2025\/01\/2024386EI-00-web-banner-good-design-award-2000x350-1.jpg","datePublished":"2025-01-07T08:31:27+00:00","dateModified":"2025-01-07T08:45:22+00:00","author":{"@id":"https:\/\/www.electroluxprofessional.com\/cz\/#\/schema\/person\/aff66d7bfd202eaeb4319e5568229a8b"},"description":"GourmeXpress, kompaktn\u00ed vysokorychlostn\u00ed \u0159e\u0161en\u00ed va\u0159en\u00ed od Electrolux Professional, z\u00edskalo presti\u017en\u00ed ocen\u011bn\u00ed Good Design Award 2023 v kategorii Kuchyn\u011b a spot\u0159ebi\u010de.","breadcrumb":{"@id":"https:\/\/www.electroluxprofessional.com\/cz\/gourmexpress-the-high-speed-oven-good-design-oceneni\/#breadcrumb"},"inLanguage":"cs","potentialAction":[{"@type":"ReadAction","target":["https:\/\/www.electroluxprofessional.com\/cz\/gourmexpress-the-high-speed-oven-good-design-oceneni\/"]}]},{"@type":"ImageObject","inLanguage":"cs","@id":"https:\/\/www.electroluxprofessional.com\/cz\/gourmexpress-the-high-speed-oven-good-design-oceneni\/#primaryimage","url":"https:\/\/www.electroluxprofessional.com\/cz\/wp-content\/uploads\/2025\/01\/2024386EI-00-web-banner-good-design-award-2000x350-1.jpg","contentUrl":"https:\/\/www.electroluxprofessional.com\/cz\/wp-content\/uploads\/2025\/01\/2024386EI-00-web-banner-good-design-award-2000x350-1.jpg","width":2000,"height":350},{"@type":"BreadcrumbList","@id":"https:\/\/www.electroluxprofessional.com\/cz\/gourmexpress-the-high-speed-oven-good-design-oceneni\/#breadcrumb","itemListElement":[{"@type":"ListItem","position":1,"name":"Home","item":"https:\/\/www.electroluxprofessional.com\/cz\/"},{"@type":"ListItem","position":2,"name":"Vysokorychlostn\u00ed trouba GourmeXpress z\u00edskala presti\u017en\u00ed ocen\u011bn\u00ed Good Design Award"}]},{"@type":"WebSite","@id":"https:\/\/www.electroluxprofessional.com\/cz\/#website","url":"https:\/\/www.electroluxprofessional.com\/cz\/","name":"Electrolux Professional \u010cesk\u00e1 republika","description":"","potentialAction":[{"@type":"SearchAction","target":{"@type":"EntryPoint","urlTemplate":"https:\/\/www.electroluxprofessional.com\/cz\/?src={search_term_string}"},"query-input":"required name=search_term_string"}],"inLanguage":"cs"},{"@type":"Person","@id":"https:\/\/www.electroluxprofessional.com\/cz\/#\/schema\/person\/aff66d7bfd202eaeb4319e5568229a8b","name":"Jan Bazant","image":{"@type":"ImageObject","inLanguage":"cs","@id":"https:\/\/www.electroluxprofessional.com\/cz\/#\/schema\/person\/image\/","url":"https:\/\/secure.gravatar.com\/avatar\/0527a30e1fad1f2588eed6df137fb8c9?s=96&d=mm&r=g","contentUrl":"https:\/\/secure.gravatar.com\/avatar\/0527a30e1fad1f2588eed6df137fb8c9?s=96&d=mm&r=g","caption":"Jan Bazant"},"url":"https:\/\/www.electroluxprofessional.com\/cz\/author\/bazant\/"}]}},"_links":{"self":[{"href":"https:\/\/www.electroluxprofessional.com\/cz\/wp-json\/wp\/v2\/posts\/12775"}],"collection":[{"href":"https:\/\/www.electroluxprofessional.com\/cz\/wp-json\/wp\/v2\/posts"}],"about":[{"href":"https:\/\/www.electroluxprofessional.com\/cz\/wp-json\/wp\/v2\/types\/post"}],"author":[{"embeddable":true,"href":"https:\/\/www.electroluxprofessional.com\/cz\/wp-json\/wp\/v2\/users\/39"}],"replies":[{"embeddable":true,"href":"https:\/\/www.electroluxprofessional.com\/cz\/wp-json\/wp\/v2\/comments?post=12775"}],"version-history":[{"count":5,"href":"https:\/\/www.electroluxprofessional.com\/cz\/wp-json\/wp\/v2\/posts\/12775\/revisions"}],"predecessor-version":[{"id":12780,"href":"https:\/\/www.electroluxprofessional.com\/cz\/wp-json\/wp\/v2\/posts\/12775\/revisions\/12780"}],"wp:featuredmedia":[{"embeddable":true,"href":"https:\/\/www.electroluxprofessional.com\/cz\/wp-json\/wp\/v2\/media\/12773"}],"wp:attachment":[{"href":"https:\/\/www.electroluxprofessional.com\/cz\/wp-json\/wp\/v2\/media?parent=12775"}],"wp:term":[{"taxonomy":"category","embeddable":true,"href":"https:\/\/www.electroluxprofessional.com\/cz\/wp-json\/wp\/v2\/categories?post=12775"},{"taxonomy":"post_tag","embeddable":true,"href":"https:\/\/www.electroluxprofessional.com\/cz\/wp-json\/wp\/v2\/tags?post=12775"}],"curies":[{"name":"wp","href":"https:\/\/api.w.org\/{rel}","templated":true}]}}