{"id":21982,"date":"2026-04-22T11:31:14","date_gmt":"2026-04-22T11:31:14","guid":{"rendered":"https:\/\/www.electroluxprofessional.com\/at\/?p=21982"},"modified":"2026-04-22T12:33:09","modified_gmt":"2026-04-22T11:33:09","slug":"hygienisch-effizient-zuverlaessig","status":"publish","type":"post","link":"https:\/\/www.electroluxprofessional.com\/at\/hygienisch-effizient-zuverlaessig\/","title":{"rendered":"Hygienisch, effizient und zuverl\u00e4ssig \u2013 W\u00e4schereil\u00f6sungen f\u00fcr Altenheime mit Electrolux Professional"},"content":{"rendered":"<p>[vc_row][vc_column][vc_column_text]<strong>W\u00e4scheaufbereitung im Altenheim \u2013 ein untersch\u00e4tzter Bereich mit hohen Anforderungen<br \/>\n<\/strong>In <a href=\"https:\/\/www.electroluxprofessional.com\/at\/branchenloesungen\/care\/pflegeheime\/\">Senioren- und Altenheimen<\/a> f\u00e4llt t\u00e4glich eine Vielzahl unterschiedlicher Textilien an: K\u00fcchenw\u00e4sche, Reinigungstextilien, kontaminierte Bewohnerw\u00e4sche \u2013 und das oft unter Zeitdruck und mit begrenztem Personal. W\u00e4hrend Flachw\u00e4sche wie Bettlaken und Frottierw\u00e4sche meist an externe Dienstleister vergeben wird, wird ein Teil der W\u00e4sche <strong>inhouse<\/strong> aufbereitet. Hier kommt es auf <strong>hygienische Sicherheit, Effizienz und einfache Bedienung<\/strong> an.<\/p>\n<p><strong>Typische Herausforderungen in der W\u00e4scherei von Altenheimen<br \/>\n<\/strong>Die W\u00e4schereien in Altenheimen sind meist klein, aber hochgradig funktional. Die Anforderungen sind klar definiert:<\/p>\n<ul>\n<li><strong>Hygiene:<\/strong> Kontaminierte Textilien m\u00fcssen zuverl\u00e4ssig desinfiziert werden.<\/li>\n<li><strong>Schnelligkeit:<\/strong> Eine Person \u00fcbernimmt oft mehrere Aufgaben \u2013 Wasch- und Trockenzyklen m\u00fcssen schnell ablaufen.<\/li>\n<li><strong>\u00dcbersichtliche Programmstruktur:<\/strong> Das Personal ben\u00f6tigt klare, einfache Programme ohne komplizierte Einstellungen.<\/li>\n<li><strong>Maschinengr\u00f6\u00dfen:<\/strong> Ger\u00e4te mit 6\u201320\u202fkg Beladung sind ideal f\u00fcr das Tagesgesch\u00e4ft.<\/li>\n<\/ul>\n<p>Electrolux Professional bietet genau daf\u00fcr ma\u00dfgeschneiderte L\u00f6sungen \u2013 robust, effizient und intuitiv bedienbar.[\/vc_column_text][vc_empty_space height=&#8221;16px&#8221;][\/vc_column][\/vc_row][vc_row][vc_column width=&#8221;3\/5&#8243;][vc_column_text]<strong>ClarusVibe: Einfachheit, die den Alltag erleichtert<br \/>\n<\/strong>Die Bedienoberfl\u00e4che <strong>ClarusVibe<\/strong> von Electrolux Professional ist speziell f\u00fcr Umgebungen mit wechselndem oder nicht spezialisiertem Personal entwickelt worden. Sie bietet:<\/p>\n<ul>\n<li><strong>Intuitive Men\u00fcf\u00fchrung<\/strong><\/li>\n<li><strong>Piktogramme zur schnellen Orientierung<\/strong><\/li>\n<li><strong>Voreingestellte Programme f\u00fcr typische Textilien<\/strong><\/li>\n<li><strong>Verhinderung von Unter- und \u00dcberbeladung <\/strong><\/li>\n<\/ul>\n<p><strong>Richtige Beladungskapazit\u00e4t sichert den optimalen Waschprozess<\/strong><\/p>\n<p>So k\u00f6nnen auch neue Mitarbeitende sofort produktiv arbeiten \u2013 ohne lange Einarbeitung oder Schulung.[\/vc_column_text][vc_empty_space height=&#8221;16px&#8221;][\/vc_column][vc_column width=&#8221;2\/5&#8243;][vc_empty_space height=&#8221;40px&#8221;][elx_image_block background_image=&#8221;21980&#8243; minimum_height=&#8221;220px&#8221;][\/vc_column][\/vc_row][vc_row][vc_column][vc_empty_space height=&#8221;16px&#8221;][vc_column_text]<strong>Hygieneprogramme f\u00fcr maximale Sicherheit<br \/>\n<\/strong>In Altenheimen ist Hygiene nicht verhandelbar. Die Maschinen von Electrolux Professional bieten:<\/p>\n<ul>\n<li><strong>Programme mit thermischer und chemischer Desinfektion<\/strong><\/li>\n<li><strong>Spezialprogramme f\u00fcr fettverschmutzte K\u00fcchenw\u00e4sche<\/strong><\/li>\n<li><strong>Moppwaschprogramme f\u00fcr Reinigungstextilien<\/strong><\/li>\n<\/ul>\n<p>Damit wird sichergestellt, dass alle Textilien hygienisch sauber und sicher f\u00fcr den weiteren Gebrauch sind \u2013 ein entscheidender Faktor f\u00fcr die Gesundheit der Bewohner.<\/p>\n<p><strong>Schnelligkeit als Erfolgsfaktor im Pflegealltag<br \/>\n<\/strong>Zeit ist in Altenheimen ein knappes Gut. Die W\u00e4schereitechnik muss daher <strong>schnell und zuverl\u00e4ssig<\/strong> arbeiten. Die Maschinen von Electrolux Professional erm\u00f6glichen:<\/p>\n<ul>\n<li><strong>Kurze Wasch- und Trockenzyklen<\/strong><\/li>\n<li><strong>Direktes Laden vom Wasch- in den Trockner<\/strong><\/li>\n<li><strong>Gleichm\u00e4\u00dfige Beladekapazit\u00e4ten f\u00fcr Waschmaschine und Trockner<\/strong><\/li>\n<\/ul>\n<p>So entstehen keine unn\u00f6tigen Pausen \u2013 und die W\u00e4sche ist schnell wieder einsatzbereit.[\/vc_column_text][vc_empty_space height=&#8221;16px&#8221;][vc_single_image image=&#8221;21981&#8243; img_size=&#8221;full&#8221;][vc_empty_space height=&#8221;16px&#8221;][vc_column_text]<strong><a href=\"https:\/\/www.electroluxprofessional.com\/at\/kontakt\/\">Service<\/a>, der funktioniert \u2013 und nicht nur verspricht<br \/>\n<\/strong>Viele Wettbewerber bieten g\u00fcnstige Maschinenpreise, aber verlangen <strong>hohe Wartungskosten<\/strong>. Hinzu kommen:<\/p>\n<ul>\n<li><strong>Lange Wartezeiten<\/strong><\/li>\n<li><strong>Nicht verf\u00fcgbare Ersatzteile<\/strong><\/li>\n<li><strong>Techniker, die die Einrichtung nicht kennen<\/strong><\/li>\n<\/ul>\n<p>Electrolux Professional setzt auf ein anderes Modell:<\/p>\n<ul>\n<li><strong>Langj\u00e4hrige, kompetente und zuverl\u00e4ssige Service-Partner<\/strong><\/li>\n<li><strong>Vertraute Ansprechpartner mit Kenntnis der Ausstattung<\/strong><\/li>\n<li><strong>Schnelle Reaktionszeiten<\/strong><\/li>\n<li><strong>Zuverl\u00e4ssige Ersatzteilversorgung<\/strong><\/li>\n<\/ul>\n<p>Das bedeutet: <strong>Minimale Ausfallzeiten<\/strong>, <strong>hohe Betriebssicherheit<\/strong> und ein Service, der wirklich hilft \u2013 nicht erst nach mehreren Tagen.<\/p>\n<p><strong>Fazit: W\u00e4schereitechnik, die Altenheime wirklich unterst\u00fctzt<br \/>\n<\/strong>Altenheime brauchen W\u00e4schereil\u00f6sungen, die <strong>hygienisch, effizient und einfach zu bedienen<\/strong> sind. Electrolux Professional bietet genau das \u2013 mit Maschinen, die den Pflegealltag erleichtern, und einem Service, der zuverl\u00e4ssig funktioniert. So wird die W\u00e4scherei zum starken R\u00fcckgrat des Betriebs \u2013 und nicht zur Schwachstelle.[\/vc_column_text][vc_empty_space][elx_button button_text=&#8221;Mehr \u00fcber die W\u00e4schereil\u00f6sungen f\u00fcr Pflegeheime erfahren&#8221; button_style=&#8221;secondary-bordered&#8221; button_link=&#8221;url:https%3A%2F%2Fwww.electroluxprofessional.com%2Fat%2Fbranchenloesungen%2Fcare%2Fpflegeheime%2F|target:_blank&#8221;][vc_empty_space][\/vc_column][\/vc_row]<\/p>\n","protected":false},"excerpt":{"rendered":"<p>[vc_row][vc_column][vc_column_text]W\u00e4scheaufbereitung im Altenheim \u2013 ein untersch\u00e4tzter Bereich mit hohen Anforderungen In Senioren- und Altenheimen f\u00e4llt t\u00e4glich eine Vielzahl unterschiedlicher Textilien an: K\u00fcchenw\u00e4sche, Reinigungstextilien, kontaminierte Bewohnerw\u00e4sche \u2013 und das oft unter Zeitdruck und mit begrenztem Personal. W\u00e4hrend Flachw\u00e4sche wie Bettlaken und Frottierw\u00e4sche meist an externe Dienstleister vergeben wird, wird ein Teil der W\u00e4sche inhouse aufbereitet. Hier [&hellip;]<\/p>\n","protected":false},"author":543,"featured_media":21978,"comment_status":"open","ping_status":"closed","sticky":false,"template":"","format":"standard","meta":{"footnotes":""},"categories":[181],"tags":[],"class_list":["post-21982","post","type-post","status-publish","format-standard","has-post-thumbnail","hentry","category-laundry"],"acf":[],"yoast_head":"<!-- This site is optimized with the Yoast SEO plugin v23.3 - https:\/\/yoast.com\/wordpress\/plugins\/seo\/ -->\n<title>W\u00e4schereil\u00f6sungen f\u00fcr Altenheime | Electrolux Professional<\/title>\n<meta name=\"description\" content=\"Entdecken Sie professionelle W\u00e4schereil\u00f6sungen f\u00fcr Altenheime. Electrolux Professional bietet Hygiene, Schnelligkeit &amp; einfache Bedienung f\u00fcr den Pflegealltag.\" \/>\n<meta name=\"robots\" content=\"index, follow, max-snippet:-1, max-image-preview:large, max-video-preview:-1\" \/>\n<link rel=\"canonical\" href=\"https:\/\/www.electroluxprofessional.com\/at\/hygienisch-effizient-zuverlaessig\/\" \/>\n<meta property=\"og:locale\" content=\"de_DE\" \/>\n<meta property=\"og:type\" content=\"article\" \/>\n<meta property=\"og:title\" content=\"W\u00e4schereil\u00f6sungen f\u00fcr Altenheime | Electrolux Professional\" \/>\n<meta property=\"og:description\" content=\"Entdecken Sie professionelle W\u00e4schereil\u00f6sungen f\u00fcr Altenheime. Electrolux Professional bietet Hygiene, Schnelligkeit &amp; einfache Bedienung f\u00fcr den Pflegealltag.\" \/>\n<meta property=\"og:url\" content=\"https:\/\/www.electroluxprofessional.com\/at\/hygienisch-effizient-zuverlaessig\/\" \/>\n<meta property=\"og:site_name\" content=\"Electrolux Professional \u00d6sterreich\" \/>\n<meta property=\"article:published_time\" content=\"2026-04-22T11:31:14+00:00\" \/>\n<meta property=\"article:modified_time\" content=\"2026-04-22T11:33:09+00:00\" \/>\n<meta property=\"og:image\" content=\"https:\/\/www.electroluxprofessional.com\/at\/wp-content\/uploads\/2026\/04\/shutterstock_332033864_Haende_Pflege_ELS_1920x580.jpg\" \/>\n\t<meta property=\"og:image:width\" content=\"1920\" \/>\n\t<meta property=\"og:image:height\" content=\"580\" \/>\n\t<meta property=\"og:image:type\" content=\"image\/jpeg\" \/>\n<meta name=\"author\" content=\"sabrina.kath@electroluxprofessional.com\" \/>\n<meta name=\"twitter:card\" content=\"summary_large_image\" \/>\n<meta name=\"twitter:label1\" content=\"Verfasst von\" \/>\n\t<meta name=\"twitter:data1\" content=\"sabrina.kath@electroluxprofessional.com\" \/>\n\t<meta name=\"twitter:label2\" content=\"Gesch\u00e4tzte Lesezeit\" \/>\n\t<meta name=\"twitter:data2\" content=\"4 Minuten\" \/>\n<script type=\"application\/ld+json\" class=\"yoast-schema-graph\">{\"@context\":\"https:\/\/schema.org\",\"@graph\":[{\"@type\":\"WebPage\",\"@id\":\"https:\/\/www.electroluxprofessional.com\/at\/hygienisch-effizient-zuverlaessig\/\",\"url\":\"https:\/\/www.electroluxprofessional.com\/at\/hygienisch-effizient-zuverlaessig\/\",\"name\":\"W\u00e4schereil\u00f6sungen f\u00fcr Altenheime | Electrolux Professional\",\"isPartOf\":{\"@id\":\"https:\/\/www.electroluxprofessional.com\/at\/#website\"},\"primaryImageOfPage\":{\"@id\":\"https:\/\/www.electroluxprofessional.com\/at\/hygienisch-effizient-zuverlaessig\/#primaryimage\"},\"image\":{\"@id\":\"https:\/\/www.electroluxprofessional.com\/at\/hygienisch-effizient-zuverlaessig\/#primaryimage\"},\"thumbnailUrl\":\"https:\/\/www.electroluxprofessional.com\/at\/wp-content\/uploads\/2026\/04\/shutterstock_332033864_Haende_Pflege_ELS_1920x580.jpg\",\"datePublished\":\"2026-04-22T11:31:14+00:00\",\"dateModified\":\"2026-04-22T11:33:09+00:00\",\"author\":{\"@id\":\"https:\/\/www.electroluxprofessional.com\/at\/#\/schema\/person\/f840b478230ad5d433173c15699b783b\"},\"description\":\"Entdecken Sie professionelle W\u00e4schereil\u00f6sungen f\u00fcr Altenheime. Electrolux Professional bietet Hygiene, Schnelligkeit & einfache Bedienung f\u00fcr den Pflegealltag.\",\"breadcrumb\":{\"@id\":\"https:\/\/www.electroluxprofessional.com\/at\/hygienisch-effizient-zuverlaessig\/#breadcrumb\"},\"inLanguage\":\"de-AT\",\"potentialAction\":[{\"@type\":\"ReadAction\",\"target\":[\"https:\/\/www.electroluxprofessional.com\/at\/hygienisch-effizient-zuverlaessig\/\"]}]},{\"@type\":\"ImageObject\",\"inLanguage\":\"de-AT\",\"@id\":\"https:\/\/www.electroluxprofessional.com\/at\/hygienisch-effizient-zuverlaessig\/#primaryimage\",\"url\":\"https:\/\/www.electroluxprofessional.com\/at\/wp-content\/uploads\/2026\/04\/shutterstock_332033864_Haende_Pflege_ELS_1920x580.jpg\",\"contentUrl\":\"https:\/\/www.electroluxprofessional.com\/at\/wp-content\/uploads\/2026\/04\/shutterstock_332033864_Haende_Pflege_ELS_1920x580.jpg\",\"width\":1920,\"height\":580},{\"@type\":\"BreadcrumbList\",\"@id\":\"https:\/\/www.electroluxprofessional.com\/at\/hygienisch-effizient-zuverlaessig\/#breadcrumb\",\"itemListElement\":[{\"@type\":\"ListItem\",\"position\":1,\"name\":\"Startseite\",\"item\":\"https:\/\/www.electroluxprofessional.com\/at\/\"},{\"@type\":\"ListItem\",\"position\":2,\"name\":\"Hygienisch, effizient und zuverl\u00e4ssig \u2013 W\u00e4schereil\u00f6sungen f\u00fcr Altenheime mit Electrolux Professional\"}]},{\"@type\":\"WebSite\",\"@id\":\"https:\/\/www.electroluxprofessional.com\/at\/#website\",\"url\":\"https:\/\/www.electroluxprofessional.com\/at\/\",\"name\":\"Electrolux Professional \u00d6sterreich\",\"description\":\"\",\"potentialAction\":[{\"@type\":\"SearchAction\",\"target\":{\"@type\":\"EntryPoint\",\"urlTemplate\":\"https:\/\/www.electroluxprofessional.com\/at\/?src={search_term_string}\"},\"query-input\":\"required name=search_term_string\"}],\"inLanguage\":\"de-AT\"},{\"@type\":\"Person\",\"@id\":\"https:\/\/www.electroluxprofessional.com\/at\/#\/schema\/person\/f840b478230ad5d433173c15699b783b\",\"name\":\"sabrina.kath@electroluxprofessional.com\",\"image\":{\"@type\":\"ImageObject\",\"inLanguage\":\"de-AT\",\"@id\":\"https:\/\/www.electroluxprofessional.com\/at\/#\/schema\/person\/image\/\",\"url\":\"https:\/\/secure.gravatar.com\/avatar\/60a4ef362efb5617fac748a67e798ab5?s=96&d=mm&r=g\",\"contentUrl\":\"https:\/\/secure.gravatar.com\/avatar\/60a4ef362efb5617fac748a67e798ab5?s=96&d=mm&r=g\",\"caption\":\"sabrina.kath@electroluxprofessional.com\"},\"url\":\"https:\/\/www.electroluxprofessional.com\/at\/author\/sabrina-kath\/\"}]}<\/script>\n<!-- \/ Yoast SEO plugin. -->","yoast_head_json":{"title":"W\u00e4schereil\u00f6sungen f\u00fcr Altenheime | Electrolux Professional","description":"Entdecken Sie professionelle W\u00e4schereil\u00f6sungen f\u00fcr Altenheime. Electrolux Professional bietet Hygiene, Schnelligkeit & einfache Bedienung f\u00fcr den Pflegealltag.","robots":{"index":"index","follow":"follow","max-snippet":"max-snippet:-1","max-image-preview":"max-image-preview:large","max-video-preview":"max-video-preview:-1"},"canonical":"https:\/\/www.electroluxprofessional.com\/at\/hygienisch-effizient-zuverlaessig\/","og_locale":"de_DE","og_type":"article","og_title":"W\u00e4schereil\u00f6sungen f\u00fcr Altenheime | Electrolux Professional","og_description":"Entdecken Sie professionelle W\u00e4schereil\u00f6sungen f\u00fcr Altenheime. Electrolux Professional bietet Hygiene, Schnelligkeit & einfache Bedienung f\u00fcr den Pflegealltag.","og_url":"https:\/\/www.electroluxprofessional.com\/at\/hygienisch-effizient-zuverlaessig\/","og_site_name":"Electrolux Professional \u00d6sterreich","article_published_time":"2026-04-22T11:31:14+00:00","article_modified_time":"2026-04-22T11:33:09+00:00","og_image":[{"width":1920,"height":580,"url":"https:\/\/www.electroluxprofessional.com\/at\/wp-content\/uploads\/2026\/04\/shutterstock_332033864_Haende_Pflege_ELS_1920x580.jpg","type":"image\/jpeg"}],"author":"sabrina.kath@electroluxprofessional.com","twitter_card":"summary_large_image","twitter_misc":{"Verfasst von":"sabrina.kath@electroluxprofessional.com","Gesch\u00e4tzte Lesezeit":"4 Minuten"},"schema":{"@context":"https:\/\/schema.org","@graph":[{"@type":"WebPage","@id":"https:\/\/www.electroluxprofessional.com\/at\/hygienisch-effizient-zuverlaessig\/","url":"https:\/\/www.electroluxprofessional.com\/at\/hygienisch-effizient-zuverlaessig\/","name":"W\u00e4schereil\u00f6sungen f\u00fcr Altenheime | Electrolux Professional","isPartOf":{"@id":"https:\/\/www.electroluxprofessional.com\/at\/#website"},"primaryImageOfPage":{"@id":"https:\/\/www.electroluxprofessional.com\/at\/hygienisch-effizient-zuverlaessig\/#primaryimage"},"image":{"@id":"https:\/\/www.electroluxprofessional.com\/at\/hygienisch-effizient-zuverlaessig\/#primaryimage"},"thumbnailUrl":"https:\/\/www.electroluxprofessional.com\/at\/wp-content\/uploads\/2026\/04\/shutterstock_332033864_Haende_Pflege_ELS_1920x580.jpg","datePublished":"2026-04-22T11:31:14+00:00","dateModified":"2026-04-22T11:33:09+00:00","author":{"@id":"https:\/\/www.electroluxprofessional.com\/at\/#\/schema\/person\/f840b478230ad5d433173c15699b783b"},"description":"Entdecken Sie professionelle W\u00e4schereil\u00f6sungen f\u00fcr Altenheime. Electrolux Professional bietet Hygiene, Schnelligkeit & einfache Bedienung f\u00fcr den Pflegealltag.","breadcrumb":{"@id":"https:\/\/www.electroluxprofessional.com\/at\/hygienisch-effizient-zuverlaessig\/#breadcrumb"},"inLanguage":"de-AT","potentialAction":[{"@type":"ReadAction","target":["https:\/\/www.electroluxprofessional.com\/at\/hygienisch-effizient-zuverlaessig\/"]}]},{"@type":"ImageObject","inLanguage":"de-AT","@id":"https:\/\/www.electroluxprofessional.com\/at\/hygienisch-effizient-zuverlaessig\/#primaryimage","url":"https:\/\/www.electroluxprofessional.com\/at\/wp-content\/uploads\/2026\/04\/shutterstock_332033864_Haende_Pflege_ELS_1920x580.jpg","contentUrl":"https:\/\/www.electroluxprofessional.com\/at\/wp-content\/uploads\/2026\/04\/shutterstock_332033864_Haende_Pflege_ELS_1920x580.jpg","width":1920,"height":580},{"@type":"BreadcrumbList","@id":"https:\/\/www.electroluxprofessional.com\/at\/hygienisch-effizient-zuverlaessig\/#breadcrumb","itemListElement":[{"@type":"ListItem","position":1,"name":"Startseite","item":"https:\/\/www.electroluxprofessional.com\/at\/"},{"@type":"ListItem","position":2,"name":"Hygienisch, effizient und zuverl\u00e4ssig \u2013 W\u00e4schereil\u00f6sungen f\u00fcr Altenheime mit Electrolux Professional"}]},{"@type":"WebSite","@id":"https:\/\/www.electroluxprofessional.com\/at\/#website","url":"https:\/\/www.electroluxprofessional.com\/at\/","name":"Electrolux Professional \u00d6sterreich","description":"","potentialAction":[{"@type":"SearchAction","target":{"@type":"EntryPoint","urlTemplate":"https:\/\/www.electroluxprofessional.com\/at\/?src={search_term_string}"},"query-input":"required name=search_term_string"}],"inLanguage":"de-AT"},{"@type":"Person","@id":"https:\/\/www.electroluxprofessional.com\/at\/#\/schema\/person\/f840b478230ad5d433173c15699b783b","name":"sabrina.kath@electroluxprofessional.com","image":{"@type":"ImageObject","inLanguage":"de-AT","@id":"https:\/\/www.electroluxprofessional.com\/at\/#\/schema\/person\/image\/","url":"https:\/\/secure.gravatar.com\/avatar\/60a4ef362efb5617fac748a67e798ab5?s=96&d=mm&r=g","contentUrl":"https:\/\/secure.gravatar.com\/avatar\/60a4ef362efb5617fac748a67e798ab5?s=96&d=mm&r=g","caption":"sabrina.kath@electroluxprofessional.com"},"url":"https:\/\/www.electroluxprofessional.com\/at\/author\/sabrina-kath\/"}]}},"_links":{"self":[{"href":"https:\/\/www.electroluxprofessional.com\/at\/wp-json\/wp\/v2\/posts\/21982"}],"collection":[{"href":"https:\/\/www.electroluxprofessional.com\/at\/wp-json\/wp\/v2\/posts"}],"about":[{"href":"https:\/\/www.electroluxprofessional.com\/at\/wp-json\/wp\/v2\/types\/post"}],"author":[{"embeddable":true,"href":"https:\/\/www.electroluxprofessional.com\/at\/wp-json\/wp\/v2\/users\/543"}],"replies":[{"embeddable":true,"href":"https:\/\/www.electroluxprofessional.com\/at\/wp-json\/wp\/v2\/comments?post=21982"}],"version-history":[{"count":2,"href":"https:\/\/www.electroluxprofessional.com\/at\/wp-json\/wp\/v2\/posts\/21982\/revisions"}],"predecessor-version":[{"id":21984,"href":"https:\/\/www.electroluxprofessional.com\/at\/wp-json\/wp\/v2\/posts\/21982\/revisions\/21984"}],"wp:featuredmedia":[{"embeddable":true,"href":"https:\/\/www.electroluxprofessional.com\/at\/wp-json\/wp\/v2\/media\/21978"}],"wp:attachment":[{"href":"https:\/\/www.electroluxprofessional.com\/at\/wp-json\/wp\/v2\/media?parent=21982"}],"wp:term":[{"taxonomy":"category","embeddable":true,"href":"https:\/\/www.electroluxprofessional.com\/at\/wp-json\/wp\/v2\/categories?post=21982"},{"taxonomy":"post_tag","embeddable":true,"href":"https:\/\/www.electroluxprofessional.com\/at\/wp-json\/wp\/v2\/tags?post=21982"}],"curies":[{"name":"wp","href":"https:\/\/api.w.org\/{rel}","templated":true}]}}